{"id":37870,"date":"2022-05-19T16:05:36","date_gmt":"2022-05-19T21:05:36","guid":{"rendered":"http:\/\/contraluzcucuta.co\/?p=37870"},"modified":"2022-05-19T16:05:36","modified_gmt":"2022-05-19T21:05:36","slug":"contrabando-de-perecederos-carne-pescado-y-panela-sin-controles-sanitarios","status":"publish","type":"post","link":"https:\/\/contraluzcucuta.co\/?p=37870","title":{"rendered":"CONTRABANDO DE PERECEDEROS. Carne, pescado y panela, sin controles sanitarios"},"content":{"rendered":"<p style=\"padding-left: 40px; text-align: right;\"><strong><span style=\"color: #ff9900;\">C\u00daCUTA.- m\u00e1s de mil kilos de carne en canal, cinco toneladas de pescado y dos toneladas de panela, valuados comercialmente en $ 603 millones, fueron decomisados durante patrullajes y control en pasos fronterizos informales. Uniformados de la Polic\u00eda Fiscal y Aduanera indicaron que los productos ser\u00edan distribuidos y comerciados en la Central de Abastos de C\u00facuta (Cenabastos).<\/span><\/strong><\/p>\n<p style=\"padding-left: 40px;\">Seg\u00fan autoridades sanitarias, la mercanc\u00eda podr\u00eda contener bacterias, generadoras de enfermedades derivadas del consumo de alimentos contaminados. Los perecederos son transportados rompiendo la cadena de fr\u00edo y salubridad, exponi\u00e9ndola a la contaminaci\u00f3n.<\/p>\n<p>La Polfa reiter\u00f3 el compromiso de trabajar de manera articulada con el Centro Integrado entre ICA, Invima, Friogan y Frigofronteras para atacar el contrabando en la zona fronteriza.<\/p>\n<p>El procedimiento policial se suma a las actividades sistem\u00e1ticas que adelanta la Polic\u00eda Fiscal y Aduanera en el \u00c1rea Metropolitana de C\u00facuta y Norte de Santander para detener la ilegalidad.<\/p>\n","protected":false},"excerpt":{"rendered":"<p>C\u00daCUTA.- m\u00e1s de mil kilos de carne en canal, cinco toneladas de pescado y dos toneladas de panela, valuados comercialmente en $ 603 millones, fueron decomisados durante patrullajes y control en pasos fronterizos informales. Uniformados de la Polic\u00eda Fiscal y Aduanera indicaron que los productos ser\u00edan distribuidos y comerciados en la Central de Abastos de &hellip;<\/p>\n","protected":false},"author":1,"featured_media":37871,"comment_status":"open","ping_status":"open","sticky":false,"template":"","format":"standard","meta":{"footnotes":""},"categories":[11,4],"tags":[543,3719,778],"class_list":["post-37870","post","type-post","status-publish","format-standard","has-post-thumbnail","hentry","category-cronica-roja","category-barra","tag-area-metropolitana-de-cucuta","tag-contrabando-de-carne","tag-polfa"],"_links":{"self":[{"href":"https:\/\/contraluzcucuta.co\/index.php?rest_route=\/wp\/v2\/posts\/37870","targetHints":{"allow":["GET"]}}],"collection":[{"href":"https:\/\/contraluzcucuta.co\/index.php?rest_route=\/wp\/v2\/posts"}],"about":[{"href":"https:\/\/contraluzcucuta.co\/index.php?rest_route=\/wp\/v2\/types\/post"}],"author":[{"embeddable":true,"href":"https:\/\/contraluzcucuta.co\/index.php?rest_route=\/wp\/v2\/users\/1"}],"replies":[{"embeddable":true,"href":"https:\/\/contraluzcucuta.co\/index.php?rest_route=%2Fwp%2Fv2%2Fcomments&post=37870"}],"version-history":[{"count":1,"href":"https:\/\/contraluzcucuta.co\/index.php?rest_route=\/wp\/v2\/posts\/37870\/revisions"}],"predecessor-version":[{"id":37872,"href":"https:\/\/contraluzcucuta.co\/index.php?rest_route=\/wp\/v2\/posts\/37870\/revisions\/37872"}],"wp:featuredmedia":[{"embeddable":true,"href":"https:\/\/contraluzcucuta.co\/index.php?rest_route=\/wp\/v2\/media\/37871"}],"wp:attachment":[{"href":"https:\/\/contraluzcucuta.co\/index.php?rest_route=%2Fwp%2Fv2%2Fmedia&parent=37870"}],"wp:term":[{"taxonomy":"category","embeddable":true,"href":"https:\/\/contraluzcucuta.co\/index.php?rest_route=%2Fwp%2Fv2%2Fcategories&post=37870"},{"taxonomy":"post_tag","embeddable":true,"href":"https:\/\/contraluzcucuta.co\/index.php?rest_route=%2Fwp%2Fv2%2Ftags&post=37870"}],"curies":[{"name":"wp","href":"https:\/\/api.w.org\/{rel}","templated":true}]}}