{"id":37860,"date":"2022-05-11T19:22:47","date_gmt":"2022-05-12T00:22:47","guid":{"rendered":"http:\/\/contraluzcucuta.co\/?p=37860"},"modified":"2022-05-11T19:22:47","modified_gmt":"2022-05-12T00:22:47","slug":"temporada-de-lluvias-zona-rural-de-cucuta-la-mas-afectada","status":"publish","type":"post","link":"https:\/\/contraluzcucuta.co\/?p=37860","title":{"rendered":"TEMPORADA DE LLUVIAS. Zona rural de C\u00facuta, la m\u00e1s afectada"},"content":{"rendered":"<p style=\"padding-left: 40px; text-align: right;\"><strong><span style=\"color: #ff9900;\">C\u00daCUTA.- Ca\u00edda de \u00e1rboles, colapso en v\u00edas, remoci\u00f3n en masa, desprendimiento de rocas, represamiento de caudal, desbordamiento de drenajes y canales de aguas lluvias, desbordamiento de los r\u00edos Zulia y Pamplonita, inundaciones en viviendas, cultivos y distritos de riesgo, colapso de muros estructurales y afectaci\u00f3n del acueducto en la vereda Los Negros (San Faustino), hacen parte del panorama que han dejado las lluvias en el municipio.<\/span><\/strong><\/p>\n<p>La secretar\u00eda para la Gesti\u00f3n del Riesgo de Desastres monitorea y atiende las emergencias. \u201cSiguiendo las directrices del alcalde Jairo Y\u00e1\u00f1ez, tenemos la Sala de Crisis activada las 24 horas del d\u00eda\u201d, dijo Huber Plaza, titular del despacho.<\/p>\n<p>La situaci\u00f3n que despierta mayor preocupaci\u00f3n es la zona rural, por las crecientes de los r\u00edos Zulia y Pamplonita, que generado afectaciones en los corregimientos Buena Esperanza, Palmarito, Banco de Arena y Puerto Le\u00f3n, y las veredas El Encanto y Campo Alegre.<\/p>\n<p>En la Sala de Crisis se han llevado a cabo las Evaluaciones de Da\u00f1os y An\u00e1lisis de Necesidades (EDAN), y el equipo t\u00e9cnico de la Secretar\u00eda se encuentra con la comunidad para verificar y revisar lo ocurrido. Luego, se elaborar\u00e1 el censo para el Registro \u00danico de Damnificados. Se espera que la Unidad Nacional para Gesti\u00f3n del Riesgo lo habilite y brindar atenci\u00f3n a los afectados por las lluvias.<\/p>\n<p><a href=\"https:\/\/contraluzcucuta.co\/wp-content\/uploads\/2022\/05\/LLUVIAS-EN-CUCUTA-3.jpg\"><img loading=\"lazy\" decoding=\"async\" class=\"alignnone size-medium wp-image-37863 alignleft\" src=\"https:\/\/contraluzcucuta.co\/wp-content\/uploads\/2022\/05\/LLUVIAS-EN-CUCUTA-3-300x225.jpg\" alt=\"\" width=\"300\" height=\"225\" srcset=\"https:\/\/contraluzcucuta.co\/wp-content\/uploads\/2022\/05\/LLUVIAS-EN-CUCUTA-3-300x225.jpg 300w, https:\/\/contraluzcucuta.co\/wp-content\/uploads\/2022\/05\/LLUVIAS-EN-CUCUTA-3-600x450.jpg 600w, https:\/\/contraluzcucuta.co\/wp-content\/uploads\/2022\/05\/LLUVIAS-EN-CUCUTA-3-1024x768.jpg 1024w, https:\/\/contraluzcucuta.co\/wp-content\/uploads\/2022\/05\/LLUVIAS-EN-CUCUTA-3-768x576.jpg 768w, https:\/\/contraluzcucuta.co\/wp-content\/uploads\/2022\/05\/LLUVIAS-EN-CUCUTA-3.jpg 1280w\" sizes=\"auto, (max-width: 300px) 100vw, 300px\" \/><\/a><\/p>\n<p><strong>Afectaciones en la zona urbana<\/strong><\/p>\n<p>Comuna 1: Ca\u00edda de \u00e1rboles en los barrios El Callej\u00f3n y El Llano.<\/p>\n<p>Comuna 3: Inundaci\u00f3n y colapso estructural en el barrio Bellavista y la Urbanizaci\u00f3n La Carolina Campestre.<\/p>\n<p>Comuna 4: Ca\u00edda de \u00e1rboles en el sector El Higuer\u00f3n, La Libertad y Aguas Calientes.<\/p>\n<p>Comuna 5: Ca\u00edda de \u00e1rboles en la Avenida del R\u00edo, Prados Norte y Sevilla.<\/p>\n<p>Comuna 6: Inundaci\u00f3n en viviendas del barrio Sim\u00f3n Bol\u00edvar y remoci\u00f3n en masa en Cerro Norte y Las Am\u00e9ricas.<\/p>\n<p>Comuna 7: Afectaciones en viviendas del barrio La Ermita por remoci\u00f3n en masa. Deslizamientos en Villa La Paz, El Para\u00edso y Brisas de La Ermita.<\/p>\n<p>Comuna 8: Inundaci\u00f3n, colapso estructural, ca\u00edda de rocas, remoci\u00f3n en masa y ca\u00eddas de \u00e1rboles en los barrios Atalaya Primera Etapa, 13 de Mayo, Antonia Santos, Brisas del Mirador, 7 de Agosto y Do\u00f1a Nidia.<\/p>\n<p>Comuna 9: Colapso estructural, remoci\u00f3n en masa, \u00e1rboles en riesgo y colapso en v\u00edas en los barrios 28 de Febrero, Gait\u00e1n, Las Delicias, Los Alpes, Manuela Beltr\u00e1n, Rudesindo Soto y San Miguel.<\/p>\n<p>Comuna 10: Colapso estructural, deslizamiento y riesgo de ca\u00edda de \u00e1rboles en los barrios Alfonso L\u00f3pez y Conjunto Los Naranjos.<\/p>\n<p><a href=\"https:\/\/contraluzcucuta.co\/wp-content\/uploads\/2022\/05\/LLUVIAS-EN-CUCUTA-2.jpg\"><img loading=\"lazy\" decoding=\"async\" class=\"alignnone size-medium wp-image-37862 alignleft\" src=\"https:\/\/contraluzcucuta.co\/wp-content\/uploads\/2022\/05\/LLUVIAS-EN-CUCUTA-2-300x225.jpg\" alt=\"\" width=\"300\" height=\"225\" srcset=\"https:\/\/contraluzcucuta.co\/wp-content\/uploads\/2022\/05\/LLUVIAS-EN-CUCUTA-2-300x225.jpg 300w, https:\/\/contraluzcucuta.co\/wp-content\/uploads\/2022\/05\/LLUVIAS-EN-CUCUTA-2-600x450.jpg 600w, https:\/\/contraluzcucuta.co\/wp-content\/uploads\/2022\/05\/LLUVIAS-EN-CUCUTA-2-1024x768.jpg 1024w, https:\/\/contraluzcucuta.co\/wp-content\/uploads\/2022\/05\/LLUVIAS-EN-CUCUTA-2-768x576.jpg 768w, https:\/\/contraluzcucuta.co\/wp-content\/uploads\/2022\/05\/LLUVIAS-EN-CUCUTA-2.jpg 1280w\" sizes=\"auto, (max-width: 300px) 100vw, 300px\" \/><\/a><\/p>\n<p><strong>Afectaciones en la zona rural:<\/strong><\/p>\n<ul>\n<li>Represamiento de caudal y desbordamiento de los ca\u00f1os Le\u00f3n y Picho, en el casco urbano del corregimiento Palmarito y la vereda Agualasal.<\/li>\n<li>Afectaci\u00f3n en el casco urbano de Banco de Arena y las veredas Puerto Le\u00f3n, La Punta, sector La Florida, Miraflores y Pacolandia.<\/li>\n<li>Afectaci\u00f3n en v\u00edas y distritos de riego por desbordamiento del r\u00edo Zulia en el corregimiento Buena Esperanza, en las veredas Las Vacas, Londres, Limoncito, Brisas del Oriente y La Isla.<\/li>\n<li>Afectaci\u00f3n de instituciones educativas y cultivos de las veredas Campo Alegre, El Encanto y Fundaci\u00f3n por el desbordamiento del r\u00edo Pamplonita en el corregimiento Agua Clara y riesgo de afectaci\u00f3n de cultivos en el corregimiento de Puerto Villamizar.<\/li>\n<li>Afectaci\u00f3n del acueducto de la vereda Los Negros en el corregimiento San Faustino y riesgo de afectaci\u00f3n de cultivos en el corregimiento de Guaramito.<\/li>\n<li>Afectaci\u00f3n en v\u00edas por crecida del r\u00edo Pamplonita a la altura del corregimiento de San Pedro.<\/li>\n<\/ul>\n","protected":false},"excerpt":{"rendered":"<p>C\u00daCUTA.- Ca\u00edda de \u00e1rboles, colapso en v\u00edas, remoci\u00f3n en masa, desprendimiento de rocas, represamiento de caudal, desbordamiento de drenajes y canales de aguas lluvias, desbordamiento de los r\u00edos Zulia y Pamplonita, inundaciones en viviendas, cultivos y distritos de riesgo, colapso de muros estructurales y afectaci\u00f3n del acueducto en la vereda Los Negros (San Faustino), hacen &hellip;<\/p>\n","protected":false},"author":1,"featured_media":37861,"comment_status":"open","ping_status":"open","sticky":false,"template":"","format":"standard","meta":{"footnotes":""},"categories":[2625,4],"tags":[5422,5423,4165,2422],"class_list":["post-37860","post","type-post","status-publish","format-standard","has-post-thumbnail","hentry","category-alcaldia-de-cucuta","category-barra","tag-edan","tag-sala-de-crisis","tag-secretaria-de-gestion-del-riesgo","tag-temporada-de-lluvias"],"_links":{"self":[{"href":"https:\/\/contraluzcucuta.co\/index.php?rest_route=\/wp\/v2\/posts\/37860","targetHints":{"allow":["GET"]}}],"collection":[{"href":"https:\/\/contraluzcucuta.co\/index.php?rest_route=\/wp\/v2\/posts"}],"about":[{"href":"https:\/\/contraluzcucuta.co\/index.php?rest_route=\/wp\/v2\/types\/post"}],"author":[{"embeddable":true,"href":"https:\/\/contraluzcucuta.co\/index.php?rest_route=\/wp\/v2\/users\/1"}],"replies":[{"embeddable":true,"href":"https:\/\/contraluzcucuta.co\/index.php?rest_route=%2Fwp%2Fv2%2Fcomments&post=37860"}],"version-history":[{"count":1,"href":"https:\/\/contraluzcucuta.co\/index.php?rest_route=\/wp\/v2\/posts\/37860\/revisions"}],"predecessor-version":[{"id":37864,"href":"https:\/\/contraluzcucuta.co\/index.php?rest_route=\/wp\/v2\/posts\/37860\/revisions\/37864"}],"wp:featuredmedia":[{"embeddable":true,"href":"https:\/\/contraluzcucuta.co\/index.php?rest_route=\/wp\/v2\/media\/37861"}],"wp:attachment":[{"href":"https:\/\/contraluzcucuta.co\/index.php?rest_route=%2Fwp%2Fv2%2Fmedia&parent=37860"}],"wp:term":[{"taxonomy":"category","embeddable":true,"href":"https:\/\/contraluzcucuta.co\/index.php?rest_route=%2Fwp%2Fv2%2Fcategories&post=37860"},{"taxonomy":"post_tag","embeddable":true,"href":"https:\/\/contraluzcucuta.co\/index.php?rest_route=%2Fwp%2Fv2%2Ftags&post=37860"}],"curies":[{"name":"wp","href":"https:\/\/api.w.org\/{rel}","templated":true}]}}