{"id":37849,"date":"2022-05-01T17:51:00","date_gmt":"2022-05-01T22:51:00","guid":{"rendered":"http:\/\/contraluzcucuta.co\/?p=37849"},"modified":"2022-05-01T17:51:00","modified_gmt":"2022-05-01T22:51:00","slug":"mambru-es-otro-cuento-gobierno-fortalece-entornos-protectores-en-norte-de-santander","status":"publish","type":"post","link":"https:\/\/contraluzcucuta.co\/?p=37849","title":{"rendered":"MAMBR\u00da ES OTRO CUENTO. Gobierno fortalece entornos protectores en Norte de Santander"},"content":{"rendered":"<p style=\"padding-left: 40px; text-align: right;\"><strong><span style=\"color: #ff9900;\">CONVENCI\u00d3N &#8211; Norte de Santander.- Cuarenta ni\u00f1os, adolescentes y j\u00f3venes de Convenci\u00f3n hacen parte de la estrategia de prevenci\u00f3n y no repetici\u00f3n de hechos violentos \u2018Mambr\u00fa, este es otro cuento\u2019. El objetivo es fortalecer entornos protectores para que los menores desarrollen habilidades, conocimientos y talentos en espacios seguros.<\/span><\/strong><\/p>\n<p>La estrategia entreg\u00f3 $ 34 millones en insumos a la Alcald\u00eda para dotar la Casa de Cultura \u2018\u00c1ngel Gilberto N\u00fa\u00f1ez Sarmiento\u201d. La iniciativa local juvenil \u2018Apost\u00e1ndole al Arte y la Cultura\u2019 est\u00e1 enfocada en el fortalecimiento de las Escuelas de Formaci\u00f3n Art\u00edstica y Cultural.<\/p>\n<p>La entrega corresponde a bombo papayero, redoblante en madera, clarinete, bajo, saxof\u00f3n, guitarra el\u00e9ctrica, piano, kit de tamboras, sonido, micr\u00f3fonos, trajes t\u00edpicos, t\u00edteres, luces de teatro, micr\u00f3fonos, sonido, balones de f\u00fatbol, baloncesto y voleibol, mesas de domin\u00f3 y ajedrez, sillas y set de entrenamiento deportivo.<\/p>\n<p>\u201cEstamos contentos porque podemos elegir la actividad que m\u00e1s nos guste y tener con qu\u00e9 practicar\u201d, dijo Juan, participante de \u2018Mambr\u00fa\u2019 en Convenci\u00f3n.<\/p>\n<p>\u201cNuestro objetivo es unir esfuerzos para fortalecer las iniciativas art\u00edsticas comunicativas y deportivas\u201d, explic\u00f3 Andr\u00e9s Felipe Stapper, director general de la ARN.<\/p>\n<p><a href=\"https:\/\/contraluzcucuta.co\/wp-content\/uploads\/2022\/05\/MAMBRU-CONVENCION-2.jpg\"><img loading=\"lazy\" decoding=\"async\" class=\"alignnone size-medium wp-image-37851 alignleft\" src=\"https:\/\/contraluzcucuta.co\/wp-content\/uploads\/2022\/05\/MAMBRU-CONVENCION-2-300x224.jpg\" alt=\"\" width=\"300\" height=\"224\" srcset=\"https:\/\/contraluzcucuta.co\/wp-content\/uploads\/2022\/05\/MAMBRU-CONVENCION-2-300x224.jpg 300w, https:\/\/contraluzcucuta.co\/wp-content\/uploads\/2022\/05\/MAMBRU-CONVENCION-2-600x449.jpg 600w, https:\/\/contraluzcucuta.co\/wp-content\/uploads\/2022\/05\/MAMBRU-CONVENCION-2-1024x766.jpg 1024w, https:\/\/contraluzcucuta.co\/wp-content\/uploads\/2022\/05\/MAMBRU-CONVENCION-2-768x574.jpg 768w, https:\/\/contraluzcucuta.co\/wp-content\/uploads\/2022\/05\/MAMBRU-CONVENCION-2.jpg 1280w\" sizes=\"auto, (max-width: 300px) 100vw, 300px\" \/><\/a><\/p>\n<p>Desde el 2010 la ARN lidera esta estrategia para potencializar los talentos en m\u00fasica, deportes, danzas, artes pl\u00e1sticas, teatro, m\u00fasica y literatura de ni\u00f1os y j\u00f3venes. Se han beneficiado 319 menores de edad en el departamento.<\/p>\n<p><strong>Datos de Inter\u00e9s<\/strong><\/p>\n<p>&#8211;\u00a0\u00a0\u00a0\u00a0\u00a0\u00a0 La estrategia en Norte de Santander se ha implementado en C\u00facuta, Tib\u00fa, Oca\u00f1a y Convenci\u00f3n.<\/p>\n<p>&#8211;\u00a0\u00a0\u00a0\u00a0\u00a0\u00a0 Desde el arte, la m\u00fasica y el deporte, la ARN ha contribuido a prevenir la vinculaci\u00f3n de ni\u00f1os y j\u00f3venes a diferentes formas de violencia y ha fortalecido liderazgos transformadores en las comunidades con m\u00e1s de 8000 beneficiarios en el territorio nacional.<\/p>\n","protected":false},"excerpt":{"rendered":"<p>CONVENCI\u00d3N &#8211; Norte de Santander.- Cuarenta ni\u00f1os, adolescentes y j\u00f3venes de Convenci\u00f3n hacen parte de la estrategia de prevenci\u00f3n y no repetici\u00f3n de hechos violentos \u2018Mambr\u00fa, este es otro cuento\u2019. El objetivo es fortalecer entornos protectores para que los menores desarrollen habilidades, conocimientos y talentos en espacios seguros. La estrategia entreg\u00f3 $ 34 millones en &hellip;<\/p>\n","protected":false},"author":1,"featured_media":37850,"comment_status":"open","ping_status":"open","sticky":false,"template":"","format":"standard","meta":{"footnotes":""},"categories":[4,37],"tags":[5420,5419,4599],"class_list":["post-37849","post","type-post","status-publish","format-standard","has-post-thumbnail","hentry","category-barra","category-paseo-cultural","tag-alcaldia-de-convencion","tag-mambru-es-otro-cuento","tag-paseo-cultural"],"_links":{"self":[{"href":"https:\/\/contraluzcucuta.co\/index.php?rest_route=\/wp\/v2\/posts\/37849","targetHints":{"allow":["GET"]}}],"collection":[{"href":"https:\/\/contraluzcucuta.co\/index.php?rest_route=\/wp\/v2\/posts"}],"about":[{"href":"https:\/\/contraluzcucuta.co\/index.php?rest_route=\/wp\/v2\/types\/post"}],"author":[{"embeddable":true,"href":"https:\/\/contraluzcucuta.co\/index.php?rest_route=\/wp\/v2\/users\/1"}],"replies":[{"embeddable":true,"href":"https:\/\/contraluzcucuta.co\/index.php?rest_route=%2Fwp%2Fv2%2Fcomments&post=37849"}],"version-history":[{"count":1,"href":"https:\/\/contraluzcucuta.co\/index.php?rest_route=\/wp\/v2\/posts\/37849\/revisions"}],"predecessor-version":[{"id":37852,"href":"https:\/\/contraluzcucuta.co\/index.php?rest_route=\/wp\/v2\/posts\/37849\/revisions\/37852"}],"wp:featuredmedia":[{"embeddable":true,"href":"https:\/\/contraluzcucuta.co\/index.php?rest_route=\/wp\/v2\/media\/37850"}],"wp:attachment":[{"href":"https:\/\/contraluzcucuta.co\/index.php?rest_route=%2Fwp%2Fv2%2Fmedia&parent=37849"}],"wp:term":[{"taxonomy":"category","embeddable":true,"href":"https:\/\/contraluzcucuta.co\/index.php?rest_route=%2Fwp%2Fv2%2Fcategories&post=37849"},{"taxonomy":"post_tag","embeddable":true,"href":"https:\/\/contraluzcucuta.co\/index.php?rest_route=%2Fwp%2Fv2%2Ftags&post=37849"}],"curies":[{"name":"wp","href":"https:\/\/api.w.org\/{rel}","templated":true}]}}