{"id":37821,"date":"2022-04-21T17:02:57","date_gmt":"2022-04-21T22:02:57","guid":{"rendered":"http:\/\/contraluzcucuta.co\/?p=37821"},"modified":"2022-04-21T17:02:57","modified_gmt":"2022-04-21T22:02:57","slug":"de-norte-a-norte-maestros-de-la-region-compartiran-con-nuevas-promesas-musicales","status":"publish","type":"post","link":"https:\/\/contraluzcucuta.co\/?p=37821","title":{"rendered":"\u201cDE NORTE A NORTE\u201d. Maestros de la regi\u00f3n compartir\u00e1n con nuevas promesas musicales"},"content":{"rendered":"<p style=\"padding-left: 40px; text-align: right;\"><strong><span style=\"color: #ff9900;\">LOS PATIOS \u2013 Norte de Santander.- El Primer Encuentro Musical \u201cDe Norte a Norte\u201d, apoyado por el Programa Nacional de Concertaci\u00f3n Cultural del Ministerio de Cultura, nace con el objetivo de fomentar la cultura musical en Norte de Santander. En este espacio presencial artistas destacados de la regi\u00f3n compartir\u00e1n saberes y experiencias te\u00f3rico-pr\u00e1cticas mediante talleres, conversatorios y conciertos para ni\u00f1os, j\u00f3venes, estudiantes de m\u00fasica y m\u00fasicos de Los Patios.<\/span><\/strong><\/p>\n<p>La actividad se cumplir\u00e1 del 28 al 30 de abril. Ser\u00e1n dos d\u00edas de trabajo acad\u00e9mico, talleres, muestras musicales guiadas y conciertos dirigidos. Los m\u00fasicos invitados mostrar\u00e1n sus cualidades y calidades art\u00edsticas para incentivar, fomentar y generar conocimientos que motiven a los beneficiarios del proyecto para mejorar sus competencias y habilidades.<\/p>\n<p>En la programaci\u00f3n se tiene previsto un concierto y un conversatorio sobre la realidad, presente y futuro de la m\u00fasica en Norte de Santander. Ser\u00e1n invitados voceros de entidades p\u00fablicas, m\u00fasicos profesionales de la regi\u00f3n y personajes de la cultura local.<\/p>\n<p><strong>Talleres de formaci\u00f3n musical <\/strong><\/p>\n<p>Un componente del Encuentro son los talleres de formaci\u00f3n b\u00e1sica o lenguaje musical dirigido a ni\u00f1os y adolescentes, estudiantes e integrantes de las sinf\u00f3nicas de los Patios. Estar\u00e1n orientados por los m\u00fasicos regionales:<\/p>\n<ul>\n<li>Javier Vivas, saxofonista y clarinetista. Maestro en M\u00fasica Berklee College of Music \u2013 USA<\/li>\n<li>Adri\u00e1n Hern\u00e1ndez Duarte, trompetista graduado en la Facultad de Artes ASAB \u2013 Bogot\u00e1<\/li>\n<li>Vladimir Fern\u00e1ndez Leal, pianista, egresado de la Universidad de Pamplona<\/li>\n<li>Yeferson Gabriel Bar\u00f3n, invitado del Conservatorio Sim\u00f3n Bol\u00edvar de Caracas.<\/li>\n<\/ul>\n<p>El 30 de abril, en el Centro de Expresi\u00f3n Cultural de Los Patios, el Encuentro cerrar\u00e1 con el conversatorio musical y el concierto ofrecido por invitados acompa\u00f1ados por las sinf\u00f3nicas infantil y juvenil del municipio.<\/p>\n<p>Se interpretar\u00e1 m\u00fasica colombiana, nortesantandereana y adaptaciones internacionales para el formato orquestal. Las actividades son gratis y abiertas a la comunidad musical.<\/p>\n","protected":false},"excerpt":{"rendered":"<p>LOS PATIOS \u2013 Norte de Santander.- El Primer Encuentro Musical \u201cDe Norte a Norte\u201d, apoyado por el Programa Nacional de Concertaci\u00f3n Cultural del Ministerio de Cultura, nace con el objetivo de fomentar la cultura musical en Norte de Santander. En este espacio presencial artistas destacados de la regi\u00f3n compartir\u00e1n saberes y experiencias te\u00f3rico-pr\u00e1cticas mediante talleres, &hellip;<\/p>\n","protected":false},"author":1,"featured_media":37822,"comment_status":"open","ping_status":"open","sticky":false,"template":"","format":"standard","meta":{"footnotes":""},"categories":[4,37],"tags":[5416,5415],"class_list":["post-37821","post","type-post","status-publish","format-standard","has-post-thumbnail","hentry","category-barra","category-paseo-cultural","tag-de-norte-a-norte","tag-sinfonica-de-los-patios"],"_links":{"self":[{"href":"https:\/\/contraluzcucuta.co\/index.php?rest_route=\/wp\/v2\/posts\/37821","targetHints":{"allow":["GET"]}}],"collection":[{"href":"https:\/\/contraluzcucuta.co\/index.php?rest_route=\/wp\/v2\/posts"}],"about":[{"href":"https:\/\/contraluzcucuta.co\/index.php?rest_route=\/wp\/v2\/types\/post"}],"author":[{"embeddable":true,"href":"https:\/\/contraluzcucuta.co\/index.php?rest_route=\/wp\/v2\/users\/1"}],"replies":[{"embeddable":true,"href":"https:\/\/contraluzcucuta.co\/index.php?rest_route=%2Fwp%2Fv2%2Fcomments&post=37821"}],"version-history":[{"count":1,"href":"https:\/\/contraluzcucuta.co\/index.php?rest_route=\/wp\/v2\/posts\/37821\/revisions"}],"predecessor-version":[{"id":37823,"href":"https:\/\/contraluzcucuta.co\/index.php?rest_route=\/wp\/v2\/posts\/37821\/revisions\/37823"}],"wp:featuredmedia":[{"embeddable":true,"href":"https:\/\/contraluzcucuta.co\/index.php?rest_route=\/wp\/v2\/media\/37822"}],"wp:attachment":[{"href":"https:\/\/contraluzcucuta.co\/index.php?rest_route=%2Fwp%2Fv2%2Fmedia&parent=37821"}],"wp:term":[{"taxonomy":"category","embeddable":true,"href":"https:\/\/contraluzcucuta.co\/index.php?rest_route=%2Fwp%2Fv2%2Fcategories&post=37821"},{"taxonomy":"post_tag","embeddable":true,"href":"https:\/\/contraluzcucuta.co\/index.php?rest_route=%2Fwp%2Fv2%2Ftags&post=37821"}],"curies":[{"name":"wp","href":"https:\/\/api.w.org\/{rel}","templated":true}]}}