{"id":37768,"date":"2022-03-30T19:55:51","date_gmt":"2022-03-31T00:55:51","guid":{"rendered":"http:\/\/contraluzcucuta.co\/?p=37768"},"modified":"2022-03-30T19:55:51","modified_gmt":"2022-03-31T00:55:51","slug":"pregunta-capciosa-nos-jodimos-dijo-la-lora-peru-a-repechaje-se-vendio-paraguay","status":"publish","type":"post","link":"https:\/\/contraluzcucuta.co\/?p=37768","title":{"rendered":"PREGUNTA CAPCIOSA. Nos jodimos dijo la lora. Per\u00fa a repechaje. \u00bfSe vendi\u00f3 Paraguay?"},"content":{"rendered":"<p style=\"padding-left: 40px; text-align: right;\"><strong><span style=\"color: #ff9900;\">C\u00daCUTA.- Cerca de 40.000 venezolanos, en el estadio Cachamay, y millares de colombianos, por televisi\u00f3n, atestiguaron la eliminaci\u00f3n de Colombia al Mundial Catar 2022. Ni los rezos ni las promesas surtieron efecto y los cafeteros no estar\u00e1n en la cita orbital. Los santos, seguro, empujaron, pero no lo suficiente para cerrar le arco paraguayo y evitar los goles peruanos.<\/span><\/strong><\/p>\n<p>Pasar\u00e1n cuatro a\u00f1os para volver a tener la ilusi\u00f3n de ver al seleccionado nacional en disputa del anhelado cupo, que en esta ocasi\u00f3n fue esquivo por las razones que cada uno tiene para esgrimir. Y en ese tiempo se ir\u00e1n de los listados aquellos jugadores que cumplieron el ciclo, que no est\u00e9n en ritmo de competencia o que el nuevo t\u00e9cnico no llame.<\/p>\n<p>Termin\u00f3 el tiempo para una generaci\u00f3n que particip\u00f3 en los mundiales de Brasil y Rusia. Esos futbolistas no pudieron llegar a Catar, pero han dejado experiencias agradables y momentos tristes. A la hora de los balances los calificativos no sobran.<\/p>\n<p>La revista <a href=\"http:\/\/www.contraluzcucuta.co\">www.contraluzcucuta.co<\/a> pregunto a los lectores si el resultado en Lima obedeci\u00f3 a la decisi\u00f3n de Paraguay de \u2018venderse\u2019 ante los incas en detrimento del sue\u00f1o cafetero. Estos son algunos de los comentarios:<\/p>\n<ol>\n<li><strong> Mario L\u00f3pez Su\u00e1rez<\/strong><\/li>\n<\/ol>\n<p>Don Antonio, no es hora de echar culpas, ni de se\u00f1alar responsables. Nos jodimos dijo la lora.<\/p>\n<ol start=\"2\">\n<li><strong> Giovanni Pava Colmenares<\/strong><\/li>\n<\/ol>\n<p>Rafa este equipo no merec\u00eda ir al Mundial. No solo basta con buenas intenciones y emociones. En el f\u00fatbol se clasifica ganando y haciendo goles.<\/p>\n<ol start=\"3\">\n<li><strong> Jos\u00e9 Luis Santaf\u00e9 Villamizar<\/strong><\/li>\n<\/ol>\n<p>\u00bfAhora le van a echar la culpa a Paraguay?<\/p>\n<ol start=\"4\">\n<li><strong> Alfredo Campos<\/strong><\/li>\n<\/ol>\n<p>Paraguay nunca ha ganado un partido como visitante a Per\u00fa&#8230;<\/p>\n<ol start=\"5\">\n<li><strong> Jairo Eduardo Oviedo M.<\/strong><\/li>\n<\/ol>\n<p>Se jodi\u00f3 la Federaci\u00f3n. En lo que a este pecho respecta&#8230; Ni planeado ten\u00eda ir a Qatar.<\/p>\n<ol start=\"6\">\n<li><strong> Ramiro Land\u00ednez Su\u00e1rez<\/strong><\/li>\n<\/ol>\n<p>Paraguay no puede ser responsable de lo que no hizo Colombia.<\/p>\n<ol start=\"7\">\n<li><strong> Benjamin Figueroa<\/strong><\/li>\n<\/ol>\n<p>Amigo Rafa, me place saludarte. Se haya vendido Paraguay o no, los culpables son los jugadores colombianos que como buenos colombianos que somos todo lo dejamos para lo \u00faltimo.<\/p>\n<ol start=\"8\">\n<li><strong> Franklin Giovanni Mesa Ya\u00f1ez<\/strong><\/li>\n<\/ol>\n<p>Rafa ni en el f\u00fatbol ni en la vida se puede estar esperando que los dem\u00e1s hagan cosas para que a uno le vaya bien, y si Paraguay se vendi\u00f3 o no recuerdo hace cuatro a\u00f1os lo que Colombia y Per\u00fa le hicieron a Chile para dejarlo por fuera. El f\u00fatbol tarde o temprano tambi\u00e9n cobra.<\/p>\n<ol start=\"9\">\n<li><strong> Ram\u00f3n Antonio S\u00e1nchez<\/strong><\/li>\n<\/ol>\n<p>\u00bfPor qu\u00e9 depender de otro? Cuando es mi responsabilidad.<\/p>\n<ol start=\"10\">\n<li><strong> Juan Contreras<\/strong><\/li>\n<\/ol>\n<p>No ser\u00eda m\u00e1s bien los seleccionados colombianos que perdieron contra Per\u00fa y empataron con Paraguay en Barranquilla. Por Dios, veamos las cosas con la realidad y punto, carajo.<\/p>\n","protected":false},"excerpt":{"rendered":"<p>C\u00daCUTA.- Cerca de 40.000 venezolanos, en el estadio Cachamay, y millares de colombianos, por televisi\u00f3n, atestiguaron la eliminaci\u00f3n de Colombia al Mundial Catar 2022. Ni los rezos ni las promesas surtieron efecto y los cafeteros no estar\u00e1n en la cita orbital. Los santos, seguro, empujaron, pero no lo suficiente para cerrar le arco paraguayo y &hellip;<\/p>\n","protected":false},"author":1,"featured_media":37769,"comment_status":"open","ping_status":"open","sticky":false,"template":"","format":"standard","meta":{"footnotes":""},"categories":[4,28],"tags":[3667,5184,890],"class_list":["post-37768","post","type-post","status-publish","format-standard","has-post-thumbnail","hentry","category-barra","category-vistazo-deportivo","tag-mundial-catar-2022","tag-pregunta-capciosa","tag-seleccion-colombia"],"_links":{"self":[{"href":"https:\/\/contraluzcucuta.co\/index.php?rest_route=\/wp\/v2\/posts\/37768","targetHints":{"allow":["GET"]}}],"collection":[{"href":"https:\/\/contraluzcucuta.co\/index.php?rest_route=\/wp\/v2\/posts"}],"about":[{"href":"https:\/\/contraluzcucuta.co\/index.php?rest_route=\/wp\/v2\/types\/post"}],"author":[{"embeddable":true,"href":"https:\/\/contraluzcucuta.co\/index.php?rest_route=\/wp\/v2\/users\/1"}],"replies":[{"embeddable":true,"href":"https:\/\/contraluzcucuta.co\/index.php?rest_route=%2Fwp%2Fv2%2Fcomments&post=37768"}],"version-history":[{"count":1,"href":"https:\/\/contraluzcucuta.co\/index.php?rest_route=\/wp\/v2\/posts\/37768\/revisions"}],"predecessor-version":[{"id":37770,"href":"https:\/\/contraluzcucuta.co\/index.php?rest_route=\/wp\/v2\/posts\/37768\/revisions\/37770"}],"wp:featuredmedia":[{"embeddable":true,"href":"https:\/\/contraluzcucuta.co\/index.php?rest_route=\/wp\/v2\/media\/37769"}],"wp:attachment":[{"href":"https:\/\/contraluzcucuta.co\/index.php?rest_route=%2Fwp%2Fv2%2Fmedia&parent=37768"}],"wp:term":[{"taxonomy":"category","embeddable":true,"href":"https:\/\/contraluzcucuta.co\/index.php?rest_route=%2Fwp%2Fv2%2Fcategories&post=37768"},{"taxonomy":"post_tag","embeddable":true,"href":"https:\/\/contraluzcucuta.co\/index.php?rest_route=%2Fwp%2Fv2%2Ftags&post=37768"}],"curies":[{"name":"wp","href":"https:\/\/api.w.org\/{rel}","templated":true}]}}