{"id":37765,"date":"2022-03-30T19:32:10","date_gmt":"2022-03-31T00:32:10","guid":{"rendered":"http:\/\/contraluzcucuta.co\/?p=37765"},"modified":"2022-03-30T19:32:10","modified_gmt":"2022-03-31T00:32:10","slug":"primera-version-cucuta-en-dos-ruedas-produjo-476-cotizaciones","status":"publish","type":"post","link":"https:\/\/contraluzcucuta.co\/?p=37765","title":{"rendered":"PRIMERA VERSI\u00d3N. C\u00facuta en dos ruedas produjo 476 cotizaciones"},"content":{"rendered":"<p style=\"padding-left: 40px; text-align: right;\"><strong><span style=\"color: #ff9900;\">C\u00daCUTA.- La primera versi\u00f3n de la Feria de C\u00facuta en Dos Ruedas, organizada el 26 y 27 de marzo, dej\u00f3 476 cotizaciones y 2140 contactos en los 15 expositores.<\/span><\/strong><\/p>\n<p>Quince concesionarias de marcas de motos, autopartes y accesorios participaron en la actividad. Al t\u00e9rmino de la feria, Fenalco adelant\u00f3 el an\u00e1lisis cuantitativo con el gremio y se concluy\u00f3 que en dos d\u00edas hubo transacciones superiores a los $ 450 millones.<\/p>\n<p>Cada una de las empresas expositoras entreg\u00f3 el balance de la feria y el ciento por ciento manifest\u00f3 la intenci\u00f3n de participar en la segunda versi\u00f3n, en el 2023. Los empresarios mostraron entusiasmo y solicitaron el aumento en el n\u00famero de d\u00edas. Tambi\u00e9n, propusieron mejoras que permitan fortalecer el evento.<\/p>\n<p>En la primera experiencia, el gremio y los concesionarios quedaron satisfechos por la respuesta de los cucute\u00f1os.<\/p>\n<p>&nbsp;<\/p>\n","protected":false},"excerpt":{"rendered":"<p>C\u00daCUTA.- La primera versi\u00f3n de la Feria de C\u00facuta en Dos Ruedas, organizada el 26 y 27 de marzo, dej\u00f3 476 cotizaciones y 2140 contactos en los 15 expositores. Quince concesionarias de marcas de motos, autopartes y accesorios participaron en la actividad. Al t\u00e9rmino de la feria, Fenalco adelant\u00f3 el an\u00e1lisis cuantitativo con el gremio &hellip;<\/p>\n","protected":false},"author":1,"featured_media":37766,"comment_status":"open","ping_status":"open","sticky":false,"template":"","format":"standard","meta":{"footnotes":""},"categories":[4,6],"tags":[5403,378],"class_list":["post-37765","post","type-post","status-publish","format-standard","has-post-thumbnail","hentry","category-barra","category-ojo-avizor","tag-cucuta-en-dos-ruedas","tag-fenalco"],"_links":{"self":[{"href":"https:\/\/contraluzcucuta.co\/index.php?rest_route=\/wp\/v2\/posts\/37765","targetHints":{"allow":["GET"]}}],"collection":[{"href":"https:\/\/contraluzcucuta.co\/index.php?rest_route=\/wp\/v2\/posts"}],"about":[{"href":"https:\/\/contraluzcucuta.co\/index.php?rest_route=\/wp\/v2\/types\/post"}],"author":[{"embeddable":true,"href":"https:\/\/contraluzcucuta.co\/index.php?rest_route=\/wp\/v2\/users\/1"}],"replies":[{"embeddable":true,"href":"https:\/\/contraluzcucuta.co\/index.php?rest_route=%2Fwp%2Fv2%2Fcomments&post=37765"}],"version-history":[{"count":1,"href":"https:\/\/contraluzcucuta.co\/index.php?rest_route=\/wp\/v2\/posts\/37765\/revisions"}],"predecessor-version":[{"id":37767,"href":"https:\/\/contraluzcucuta.co\/index.php?rest_route=\/wp\/v2\/posts\/37765\/revisions\/37767"}],"wp:featuredmedia":[{"embeddable":true,"href":"https:\/\/contraluzcucuta.co\/index.php?rest_route=\/wp\/v2\/media\/37766"}],"wp:attachment":[{"href":"https:\/\/contraluzcucuta.co\/index.php?rest_route=%2Fwp%2Fv2%2Fmedia&parent=37765"}],"wp:term":[{"taxonomy":"category","embeddable":true,"href":"https:\/\/contraluzcucuta.co\/index.php?rest_route=%2Fwp%2Fv2%2Fcategories&post=37765"},{"taxonomy":"post_tag","embeddable":true,"href":"https:\/\/contraluzcucuta.co\/index.php?rest_route=%2Fwp%2Fv2%2Ftags&post=37765"}],"curies":[{"name":"wp","href":"https:\/\/api.w.org\/{rel}","templated":true}]}}