{"id":37762,"date":"2022-03-30T19:11:22","date_gmt":"2022-03-31T00:11:22","guid":{"rendered":"http:\/\/contraluzcucuta.co\/?p=37762"},"modified":"2022-03-30T19:11:22","modified_gmt":"2022-03-31T00:11:22","slug":"alimentacion-escolar-en-cucuta-no-se-ha-dado-inicio-oportuno-al-pae","status":"publish","type":"post","link":"https:\/\/contraluzcucuta.co\/?p=37762","title":{"rendered":"ALIMENTACI\u00d3N ESCOLAR. En C\u00facuta no se ha dado inicio oportuno al PAE"},"content":{"rendered":"<p style=\"padding-left: 40px; text-align: right;\"><strong><span style=\"color: #ff9900;\">BOGOT\u00c1.-\u00a0C\u00facuta presenta 56 d\u00edas de retraso en la puesta en marcha del Programa de Alimentaci\u00f3n Escolar (PAE). En la capital nortesantandereana el calendario acad\u00e9mico comenz\u00f3 el 31 de enero. La informaci\u00f3n la entreg\u00f3 la Contralor\u00eda General de la Rep\u00fablica, por medio de la Delegada para la Participaci\u00f3n Ciudadana.<\/span><\/strong><\/p>\n<p>El despacho adelant\u00f3 el ejercicio de Especial Seguimiento PAE y detect\u00f3, junto al Ministerio de Educaci\u00f3n y la Unidad Administrativa Especial de Alimentaci\u00f3n Escolar (UApA), que con corte al 28 de marzo, de las 96 Entidades Territoriales Certificadas ETC, 11 no han iniciado la prestaci\u00f3n del servicio PAE.<\/p>\n<p>Adem\u00e1s de C\u00facuta, aparecen Buenaventura, Caquet\u00e1, Cesar, C\u00f3rdoba, Magdalena, Neiva, Pitalito, Santa Marta, Sincelejo y Sucre.<\/p>\n<p>Adicionalmente, se presentan observaciones en 5 ETC que pese a que reportaron inicio en el territorio no operan en el ciento por ciento la prestaci\u00f3n del servicio del PAE.<\/p>\n<p>Al tomar como referencia el cierre del Sistema de Matr\u00edcula Estudiantil de Educaci\u00f3n B\u00e1sica y Media (SIMAT 2021), la no prestaci\u00f3n del servicio de Alimentaci\u00f3n Escolar afecta a alrededor de<strong>\u00a0<\/strong>un mill\u00f3n de ni\u00f1os que no reciben el PAE en el pa\u00eds.<\/p>\n<p>\u201cLa responsabilidad de la prestaci\u00f3n del servicio de Alimentaci\u00f3n Escolar debe ser desde el primer d\u00eda de calendario acad\u00e9mico y durante toda su vigencia 2022,<strong>\u00a0<\/strong>es por eso que la Contralor\u00eda General de la Rep\u00fablica, desde sus competencias preventivas realiza un Especial Seguimiento desde el a\u00f1o 2021, con el apoyo de las Gerencias Departamentales\u201d, indic\u00f3 el Contralor Delegado para la Participaci\u00f3n Ciudadana, Luis Carlos Pineda.<\/p>\n<p>En el Especial Seguimiento, durante enero y febrero, la CGR visit\u00f3 150 instituciones educativas (IE) oficiales en las que se ejecuta el Plan de Alimentaci\u00f3n Escolar en 36 Entidades Territoriales Certificadas. En el ejercicio se corrobor\u00f3 que en el 34 % de la muestra (51 IE) no se entreg\u00f3 el PAE el d\u00eda de la visita.<\/p>\n<p>Se evidenci\u00f3 que se presentan significativas condiciones de deterioro de las infraestructuras requeridas para la ejecuci\u00f3n del PAE, y falta de menaje en la mayor\u00eda de las sedes educativas.<\/p>\n<ol>\n<li>El 16 % de las IE (24) no cuenta con cocina<\/li>\n<li>El 26 % (39) no tiene un lugar de almacenamiento<\/li>\n<li>El 15 % (22) carece de comedor<\/li>\n<li>El 22 % (33) no dispone de un sitio para la refrigeraci\u00f3n de los alimentos.<\/li>\n<\/ol>\n<p>En menos de la mitad de las IE visitadas 47 % (70) se cumple con la Modalidad Preferente (RPS), mientras que en el 39 % (58 IE) se atiende bajo la modalidad de Raci\u00f3n Industrializada y el 14 % (21 IE) bajo la modalidad comida caliente y transportada.<\/p>\n","protected":false},"excerpt":{"rendered":"<p>BOGOT\u00c1.-\u00a0C\u00facuta presenta 56 d\u00edas de retraso en la puesta en marcha del Programa de Alimentaci\u00f3n Escolar (PAE). En la capital nortesantandereana el calendario acad\u00e9mico comenz\u00f3 el 31 de enero. La informaci\u00f3n la entreg\u00f3 la Contralor\u00eda General de la Rep\u00fablica, por medio de la Delegada para la Participaci\u00f3n Ciudadana. El despacho adelant\u00f3 el ejercicio de Especial &hellip;<\/p>\n","protected":false},"author":1,"featured_media":37763,"comment_status":"open","ping_status":"open","sticky":false,"template":"","format":"standard","meta":{"footnotes":""},"categories":[4,36],"tags":[2517,4450,2767],"class_list":["post-37762","post","type-post","status-publish","format-standard","has-post-thumbnail","hentry","category-barra","category-la-voz-del-pueblo","tag-contraloria-general-de-la-republica","tag-pae-en-cucuta","tag-programa-de-alimentacion-escolar"],"_links":{"self":[{"href":"https:\/\/contraluzcucuta.co\/index.php?rest_route=\/wp\/v2\/posts\/37762","targetHints":{"allow":["GET"]}}],"collection":[{"href":"https:\/\/contraluzcucuta.co\/index.php?rest_route=\/wp\/v2\/posts"}],"about":[{"href":"https:\/\/contraluzcucuta.co\/index.php?rest_route=\/wp\/v2\/types\/post"}],"author":[{"embeddable":true,"href":"https:\/\/contraluzcucuta.co\/index.php?rest_route=\/wp\/v2\/users\/1"}],"replies":[{"embeddable":true,"href":"https:\/\/contraluzcucuta.co\/index.php?rest_route=%2Fwp%2Fv2%2Fcomments&post=37762"}],"version-history":[{"count":1,"href":"https:\/\/contraluzcucuta.co\/index.php?rest_route=\/wp\/v2\/posts\/37762\/revisions"}],"predecessor-version":[{"id":37764,"href":"https:\/\/contraluzcucuta.co\/index.php?rest_route=\/wp\/v2\/posts\/37762\/revisions\/37764"}],"wp:featuredmedia":[{"embeddable":true,"href":"https:\/\/contraluzcucuta.co\/index.php?rest_route=\/wp\/v2\/media\/37763"}],"wp:attachment":[{"href":"https:\/\/contraluzcucuta.co\/index.php?rest_route=%2Fwp%2Fv2%2Fmedia&parent=37762"}],"wp:term":[{"taxonomy":"category","embeddable":true,"href":"https:\/\/contraluzcucuta.co\/index.php?rest_route=%2Fwp%2Fv2%2Fcategories&post=37762"},{"taxonomy":"post_tag","embeddable":true,"href":"https:\/\/contraluzcucuta.co\/index.php?rest_route=%2Fwp%2Fv2%2Ftags&post=37762"}],"curies":[{"name":"wp","href":"https:\/\/api.w.org\/{rel}","templated":true}]}}