{"id":37753,"date":"2022-03-28T17:26:24","date_gmt":"2022-03-28T22:26:24","guid":{"rendered":"http:\/\/contraluzcucuta.co\/?p=37753"},"modified":"2022-03-28T17:26:24","modified_gmt":"2022-03-28T22:26:24","slug":"barismo-cucuta-sede-del-primer-clasificatorio-para-campeonato-nacional","status":"publish","type":"post","link":"https:\/\/contraluzcucuta.co\/?p=37753","title":{"rendered":"BARISMO. C\u00facuta, sede del primer clasificatorio para campeonato nacional"},"content":{"rendered":"<p style=\"padding-left: 40px; text-align: right;\"><strong><span style=\"color: #ff9900;\">BOGOT\u00c1.- C\u00facuta fue escogida como sede de la primera convocatoria de la regi\u00f3n norte, que incluye participantes de Atl\u00e1ntico, Bol\u00edvar, Cesar, C\u00f3rdoba, La Guajira, Magdalena, Norte de Santander y Sucre, para la edici\u00f3n 15 del Campeonato Nacional de Barismo. El encuentro se cumplir\u00e1 del 30 de marzo al 3 de abril, en desarrollo de la Feria de Caf\u00e9s Especiales del Nororiente.<\/span><\/strong><\/p>\n<p>Los ocho primeros puestos obtendr\u00e1n un cupo directo, sin costo, al Nacional de Barismo 2022, que se llevar\u00e1 a cabo en agosto, en la Expo Eje Caf\u00e9, en el Parque del Caf\u00e9, en Montenegro (Quind\u00edo). Tendr\u00e1n cubiertos los gastos de desplazamiento, hospedaje y alimentaci\u00f3n. Los tres primeros lugares recibir\u00e1n, adem\u00e1s, un reconocimiento econ\u00f3mico.<\/p>\n<p>El barista es un especialista en la preparaci\u00f3n de caf\u00e9s de alta calidad, entre los que destacan el espresso, el capuchino y el lattes. Trabaja en la creaci\u00f3n de presentaciones con diversos tipos de leches, esencias y licores, entre otros ingredientes.<\/p>\n<p>La meta de la Federaci\u00f3n de Nacional de Cafeteros (FNC) es impulsar el consumo de caf\u00e9 en Colombia, de la mano de expertos en diversas y ricas preparaciones. Este a\u00f1o busca incluir a baristas de las regiones del pa\u00eds en los clasificatorios para garantizar que los mejores lleguen al torneo nacional.<\/p>\n<p>Caf\u00e9 de Colombia, como marca y denominaci\u00f3n de origen, busca acercar al p\u00fablico a las m\u00faltiples preparaciones de caf\u00e9 y convertir al barista en multiplicador de conocimiento.<\/p>\n<p><a href=\"https:\/\/contraluzcucuta.co\/wp-content\/uploads\/2022\/03\/CAMARA-DE-COMERCIO-CAFE-1.jpg\"><img loading=\"lazy\" decoding=\"async\" class=\"alignnone size-medium wp-image-37755 alignleft\" src=\"https:\/\/contraluzcucuta.co\/wp-content\/uploads\/2022\/03\/CAMARA-DE-COMERCIO-CAFE-1-300x200.jpg\" alt=\"\" width=\"300\" height=\"200\" srcset=\"https:\/\/contraluzcucuta.co\/wp-content\/uploads\/2022\/03\/CAMARA-DE-COMERCIO-CAFE-1-300x200.jpg 300w, https:\/\/contraluzcucuta.co\/wp-content\/uploads\/2022\/03\/CAMARA-DE-COMERCIO-CAFE-1-600x400.jpg 600w, https:\/\/contraluzcucuta.co\/wp-content\/uploads\/2022\/03\/CAMARA-DE-COMERCIO-CAFE-1-1024x682.jpg 1024w, https:\/\/contraluzcucuta.co\/wp-content\/uploads\/2022\/03\/CAMARA-DE-COMERCIO-CAFE-1-768x512.jpg 768w, https:\/\/contraluzcucuta.co\/wp-content\/uploads\/2022\/03\/CAMARA-DE-COMERCIO-CAFE-1.jpg 1280w\" sizes=\"auto, (max-width: 300px) 100vw, 300px\" \/><\/a><\/p>\n<p>La socializaci\u00f3n del proyecto de restauraci\u00f3n de la caficultura en Norte de Santander se present\u00f3 en Salazar de las Palmas, la primera versi\u00f3n de la feria de caf\u00e9s especiales \u2018Norte de Santander, Cuna del Caf\u00e9\u2019. El evento se cumplir\u00e1, del 1 al 3 de abril, en la biblioteca p\u00fablica Julio P\u00e9rez Ferrero. Habr\u00e1 degustaciones, talleres de preparaci\u00f3n, concurso de barismo, experiencia de cataci\u00f3n y exhibici\u00f3n comercial.<\/p>\n","protected":false},"excerpt":{"rendered":"<p>BOGOT\u00c1.- C\u00facuta fue escogida como sede de la primera convocatoria de la regi\u00f3n norte, que incluye participantes de Atl\u00e1ntico, Bol\u00edvar, Cesar, C\u00f3rdoba, La Guajira, Magdalena, Norte de Santander y Sucre, para la edici\u00f3n 15 del Campeonato Nacional de Barismo. El encuentro se cumplir\u00e1 del 30 de marzo al 3 de abril, en desarrollo de la &hellip;<\/p>\n","protected":false},"author":1,"featured_media":37754,"comment_status":"open","ping_status":"open","sticky":false,"template":"","format":"standard","meta":{"footnotes":""},"categories":[4,6],"tags":[5401,5402],"class_list":["post-37753","post","type-post","status-publish","format-standard","has-post-thumbnail","hentry","category-barra","category-ojo-avizor","tag-barismo-en-cucuta","tag-cafe-de-colombia"],"_links":{"self":[{"href":"https:\/\/contraluzcucuta.co\/index.php?rest_route=\/wp\/v2\/posts\/37753","targetHints":{"allow":["GET"]}}],"collection":[{"href":"https:\/\/contraluzcucuta.co\/index.php?rest_route=\/wp\/v2\/posts"}],"about":[{"href":"https:\/\/contraluzcucuta.co\/index.php?rest_route=\/wp\/v2\/types\/post"}],"author":[{"embeddable":true,"href":"https:\/\/contraluzcucuta.co\/index.php?rest_route=\/wp\/v2\/users\/1"}],"replies":[{"embeddable":true,"href":"https:\/\/contraluzcucuta.co\/index.php?rest_route=%2Fwp%2Fv2%2Fcomments&post=37753"}],"version-history":[{"count":1,"href":"https:\/\/contraluzcucuta.co\/index.php?rest_route=\/wp\/v2\/posts\/37753\/revisions"}],"predecessor-version":[{"id":37756,"href":"https:\/\/contraluzcucuta.co\/index.php?rest_route=\/wp\/v2\/posts\/37753\/revisions\/37756"}],"wp:featuredmedia":[{"embeddable":true,"href":"https:\/\/contraluzcucuta.co\/index.php?rest_route=\/wp\/v2\/media\/37754"}],"wp:attachment":[{"href":"https:\/\/contraluzcucuta.co\/index.php?rest_route=%2Fwp%2Fv2%2Fmedia&parent=37753"}],"wp:term":[{"taxonomy":"category","embeddable":true,"href":"https:\/\/contraluzcucuta.co\/index.php?rest_route=%2Fwp%2Fv2%2Fcategories&post=37753"},{"taxonomy":"post_tag","embeddable":true,"href":"https:\/\/contraluzcucuta.co\/index.php?rest_route=%2Fwp%2Fv2%2Ftags&post=37753"}],"curies":[{"name":"wp","href":"https:\/\/api.w.org\/{rel}","templated":true}]}}