{"id":37721,"date":"2022-03-14T18:56:27","date_gmt":"2022-03-14T23:56:27","guid":{"rendered":"http:\/\/contraluzcucuta.co\/?p=37721"},"modified":"2022-03-14T19:03:29","modified_gmt":"2022-03-15T00:03:29","slug":"fuera-de-casa-ana-lucia-nina-cucutena-participo-en-vendimia-argentina","status":"publish","type":"post","link":"https:\/\/contraluzcucuta.co\/?p=37721","title":{"rendered":"FUERA DE CASA. Ana Luc\u00eda, ni\u00f1a cucute\u00f1a, particip\u00f3 en vendimia argentina"},"content":{"rendered":"<p style=\"padding-left: 40px; text-align: right;\"><strong><span style=\"color: #ff9900;\">MENDOZA (Argentina).- Ana Luc\u00eda tiene 5 a\u00f1os, es hija de la cucute\u00f1a Lorena P\u00e9rez, vive en Mendoza (Argentina) y hace parte del grupo de danzas colombianas La Tambora. El 12 de marzo, particip\u00f3 en la Fiesta Nacional de la Vendimia, festividad tradicional y popular originaria de esa provincia.<\/span><\/strong><\/p>\n<p>La fiesta se hace la primera semana de marzo y refleja la celebraci\u00f3n de la uva transformada en vino, mediante el esfuerzo que los vi\u00f1ateros llevan a cabo, mientras soportan las inclemencias clim\u00e1ticas.<\/p>\n<p>En la celebraci\u00f3n, que tiene trascendencia nacional e internacional, participan las comunidades de migrantes latinoamericanos y el resto del mundo que habitan en Mendoza. Hacen presencia en las fiestas de la vendimia con representaciones folcl\u00f3ricas de cada pa\u00eds.<\/p>\n<figure id=\"attachment_37723\" aria-describedby=\"caption-attachment-37723\" style=\"width: 300px\" class=\"wp-caption alignleft\"><a href=\"https:\/\/contraluzcucuta.co\/wp-content\/uploads\/2022\/03\/ANA-LUCIA-CUCUTE\u00d1A-EN-EL-EXTERIOR-2.jpg\"><img loading=\"lazy\" decoding=\"async\" class=\"size-medium wp-image-37723\" src=\"https:\/\/contraluzcucuta.co\/wp-content\/uploads\/2022\/03\/ANA-LUCIA-CUCUTE\u00d1A-EN-EL-EXTERIOR-2-300x199.jpg\" alt=\"\" width=\"300\" height=\"199\" srcset=\"https:\/\/contraluzcucuta.co\/wp-content\/uploads\/2022\/03\/ANA-LUCIA-CUCUTE\u00d1A-EN-EL-EXTERIOR-2-300x199.jpg 300w, https:\/\/contraluzcucuta.co\/wp-content\/uploads\/2022\/03\/ANA-LUCIA-CUCUTE\u00d1A-EN-EL-EXTERIOR-2-600x398.jpg 600w, https:\/\/contraluzcucuta.co\/wp-content\/uploads\/2022\/03\/ANA-LUCIA-CUCUTE\u00d1A-EN-EL-EXTERIOR-2-310x205.jpg 310w, https:\/\/contraluzcucuta.co\/wp-content\/uploads\/2022\/03\/ANA-LUCIA-CUCUTE\u00d1A-EN-EL-EXTERIOR-2.jpg 720w\" sizes=\"auto, (max-width: 300px) 100vw, 300px\" \/><\/a><figcaption id=\"caption-attachment-37723\" class=\"wp-caption-text\"><em>Grupo de danzas colombianas La Tambora durante la presentaci\u00f3n en la vendimia.<\/em><\/figcaption><\/figure>\n<p>Colombia, en la \u00faltima versi\u00f3n del festival, estuvo representada por el grupo de danzas con bailes t\u00edpicos en la vendimia de los cerros, uno de los lugares del Gran Mendoza donde hay celebraciones.<\/p>\n<p>Diversos factores culturales, pol\u00edticos y socioecon\u00f3micos se viven a lo largo de un a\u00f1o, mientras los especialistas trabajan en bodegas y laboratorios para contribuir significativamente en el proceso de fabricaci\u00f3n. La primera edici\u00f3n se cumpli\u00f3 en 1936, y desde entonces, se lleva a cabo cada a\u00f1o.<\/p>\n","protected":false},"excerpt":{"rendered":"<p>MENDOZA (Argentina).- Ana Luc\u00eda tiene 5 a\u00f1os, es hija de la cucute\u00f1a Lorena P\u00e9rez, vive en Mendoza (Argentina) y hace parte del grupo de danzas colombianas La Tambora. El 12 de marzo, particip\u00f3 en la Fiesta Nacional de la Vendimia, festividad tradicional y popular originaria de esa provincia. La fiesta se hace la primera semana &hellip;<\/p>\n","protected":false},"author":1,"featured_media":37728,"comment_status":"open","ping_status":"open","sticky":false,"template":"","format":"standard","meta":{"footnotes":""},"categories":[45,4],"tags":[5397,2021],"class_list":["post-37721","post","type-post","status-publish","format-standard","has-post-thumbnail","hentry","category-destacado","category-barra","tag-ana-lucia-guerrero","tag-cucutenos-por-el-mundo"],"_links":{"self":[{"href":"https:\/\/contraluzcucuta.co\/index.php?rest_route=\/wp\/v2\/posts\/37721","targetHints":{"allow":["GET"]}}],"collection":[{"href":"https:\/\/contraluzcucuta.co\/index.php?rest_route=\/wp\/v2\/posts"}],"about":[{"href":"https:\/\/contraluzcucuta.co\/index.php?rest_route=\/wp\/v2\/types\/post"}],"author":[{"embeddable":true,"href":"https:\/\/contraluzcucuta.co\/index.php?rest_route=\/wp\/v2\/users\/1"}],"replies":[{"embeddable":true,"href":"https:\/\/contraluzcucuta.co\/index.php?rest_route=%2Fwp%2Fv2%2Fcomments&post=37721"}],"version-history":[{"count":2,"href":"https:\/\/contraluzcucuta.co\/index.php?rest_route=\/wp\/v2\/posts\/37721\/revisions"}],"predecessor-version":[{"id":37725,"href":"https:\/\/contraluzcucuta.co\/index.php?rest_route=\/wp\/v2\/posts\/37721\/revisions\/37725"}],"wp:featuredmedia":[{"embeddable":true,"href":"https:\/\/contraluzcucuta.co\/index.php?rest_route=\/wp\/v2\/media\/37728"}],"wp:attachment":[{"href":"https:\/\/contraluzcucuta.co\/index.php?rest_route=%2Fwp%2Fv2%2Fmedia&parent=37721"}],"wp:term":[{"taxonomy":"category","embeddable":true,"href":"https:\/\/contraluzcucuta.co\/index.php?rest_route=%2Fwp%2Fv2%2Fcategories&post=37721"},{"taxonomy":"post_tag","embeddable":true,"href":"https:\/\/contraluzcucuta.co\/index.php?rest_route=%2Fwp%2Fv2%2Ftags&post=37721"}],"curies":[{"name":"wp","href":"https:\/\/api.w.org\/{rel}","templated":true}]}}