{"id":37705,"date":"2022-03-06T09:13:37","date_gmt":"2022-03-06T14:13:37","guid":{"rendered":"http:\/\/contraluzcucuta.co\/?p=37705"},"modified":"2022-03-06T09:13:37","modified_gmt":"2022-03-06T14:13:37","slug":"dias-sin-iva-2022-11-de-marzo-17-de-junio-y-2-de-diciembre","status":"publish","type":"post","link":"https:\/\/contraluzcucuta.co\/?p=37705","title":{"rendered":"D\u00cdAS SIN IVA 2022. 11 de marzo, 17 de junio y 2 de diciembre"},"content":{"rendered":"<p style=\"padding-left: 40px; text-align: right;\"><strong><span style=\"color: #ff9900;\">BOGOT\u00c1. \u2013 Una vez confirmadas las fechas para las tres jornadas de D\u00eda sin IVA para el a\u00f1o, el Gobierno y los comerciantes se preparan para la primera jornada, el 11 de marzo. El objetivo es incentivar el crecimiento econ\u00f3mico del pa\u00eds mediante el fomento al consumo que beneficia a comerciantes, industriales y consumidores finales.<\/span><\/strong><\/p>\n<p>La ministra de Comercio, industria y Turismo, Mar\u00eda Ximena Lombana Villalba, resalt\u00f3 que las categor\u00edas de productos no tuvieron modificaciones con respecto al a\u00f1o pasado. Sin embargo, los topes se ajustaron de acuerdo a la UVT que rige para el a\u00f1o 2022, de la siguiente manera:<\/p>\n<ol>\n<li>vestuario y sus complementos, $ 760.080<\/li>\n<li>Electrodom\u00e9sticos, computadores y equipos de comunicaciones, bienes e insumos para el sector agropecuario y para elementos deportivos, $ 3.040.320<\/li>\n<li>Juguetes y juegos, $ 380.040<\/li>\n<li>\u00datiles escolares, $ 190.020<\/li>\n<\/ol>\n<p>Para el sector privado, las jornadas del a\u00f1o pasado fueron productivas en el balance de las ventas alcanzadas, en el cumplimiento de los protocolos de bioseguridad y en las exigencias que en materia de facturaci\u00f3n electr\u00f3nica adelanta la DIAN.<\/p>\n<figure id=\"attachment_37707\" aria-describedby=\"caption-attachment-37707\" style=\"width: 300px\" class=\"wp-caption alignleft\"><a href=\"https:\/\/contraluzcucuta.co\/wp-content\/uploads\/2022\/03\/DIA-SIN-IVA-3.jpeg\"><img loading=\"lazy\" decoding=\"async\" class=\"size-medium wp-image-37707\" src=\"https:\/\/contraluzcucuta.co\/wp-content\/uploads\/2022\/03\/DIA-SIN-IVA-3-300x225.jpeg\" alt=\"\" width=\"300\" height=\"225\" srcset=\"https:\/\/contraluzcucuta.co\/wp-content\/uploads\/2022\/03\/DIA-SIN-IVA-3-300x225.jpeg 300w, https:\/\/contraluzcucuta.co\/wp-content\/uploads\/2022\/03\/DIA-SIN-IVA-3-600x450.jpeg 600w, https:\/\/contraluzcucuta.co\/wp-content\/uploads\/2022\/03\/DIA-SIN-IVA-3-768x576.jpeg 768w, https:\/\/contraluzcucuta.co\/wp-content\/uploads\/2022\/03\/DIA-SIN-IVA-3.jpeg 800w\" sizes=\"auto, (max-width: 300px) 100vw, 300px\" \/><\/a><figcaption id=\"caption-attachment-37707\" class=\"wp-caption-text\"><strong><em>noticias.canaltro.com<\/em><\/strong><\/figcaption><\/figure>\n<p>El gremio de los comerciantes anunci\u00f3 que esperan ventas por $ 8,0 billones durante la jornada del 11 de marzo. &#8220;El comercio tambi\u00e9n incluir\u00e1 productos que, aunque no tienen la exenci\u00f3n, tendr\u00e1n precios especiales por saldos de inventario y otras promociones&#8221;, afirm\u00f3 el presidente de Fenalco, Jaime Alberto Cabal.<\/p>\n<p>El directivo agreg\u00f3 que los d\u00edas sin IVA de 2022 prometen ser tan exitosos como los dos a\u00f1os anteriores y que permitieron reactivar la econom\u00eda. El gremio espera un aumento en ventas de insumos para el agro y de \u00fatiles escolares durante la jornada, teniendo en cuenta la coyuntura que se registra en el primer trimestre del a\u00f1o, de mayor demanda por este tipo de productos.<\/p>\n<p>La presidenta de la C\u00e1mara Colombiana de Comercio Electr\u00f3nico, Mar\u00eda Fernanda Qui\u00f1ones, dijo que \u201csomos optimistas frente a la primera jornada del d\u00eda sin IVA, de cara al crecimiento sostenido del comercio electr\u00f3nico\u201d.<\/p>\n<p>Confirm\u00f3 que, para este primer d\u00eda de exenci\u00f3n del IVA, estiman que las ventas en comercio electr\u00f3nico ser\u00e1n de entre $ 600.000 y $ 700.000 millones. \u201cLa invitaci\u00f3n es a aprovechar y disfrutar los beneficios que ofrece el canal digital en esta jornada\u201d, puntualiz\u00f3.<\/p>\n","protected":false},"excerpt":{"rendered":"<p>BOGOT\u00c1. \u2013 Una vez confirmadas las fechas para las tres jornadas de D\u00eda sin IVA para el a\u00f1o, el Gobierno y los comerciantes se preparan para la primera jornada, el 11 de marzo. El objetivo es incentivar el crecimiento econ\u00f3mico del pa\u00eds mediante el fomento al consumo que beneficia a comerciantes, industriales y consumidores finales. &hellip;<\/p>\n","protected":false},"author":1,"featured_media":37706,"comment_status":"open","ping_status":"open","sticky":false,"template":"","format":"standard","meta":{"footnotes":""},"categories":[4,36],"tags":[4984,1526],"class_list":["post-37705","post","type-post","status-publish","format-standard","has-post-thumbnail","hentry","category-barra","category-la-voz-del-pueblo","tag-dia-sin-iva","tag-fenalco-norte-de-santander"],"_links":{"self":[{"href":"https:\/\/contraluzcucuta.co\/index.php?rest_route=\/wp\/v2\/posts\/37705","targetHints":{"allow":["GET"]}}],"collection":[{"href":"https:\/\/contraluzcucuta.co\/index.php?rest_route=\/wp\/v2\/posts"}],"about":[{"href":"https:\/\/contraluzcucuta.co\/index.php?rest_route=\/wp\/v2\/types\/post"}],"author":[{"embeddable":true,"href":"https:\/\/contraluzcucuta.co\/index.php?rest_route=\/wp\/v2\/users\/1"}],"replies":[{"embeddable":true,"href":"https:\/\/contraluzcucuta.co\/index.php?rest_route=%2Fwp%2Fv2%2Fcomments&post=37705"}],"version-history":[{"count":1,"href":"https:\/\/contraluzcucuta.co\/index.php?rest_route=\/wp\/v2\/posts\/37705\/revisions"}],"predecessor-version":[{"id":37708,"href":"https:\/\/contraluzcucuta.co\/index.php?rest_route=\/wp\/v2\/posts\/37705\/revisions\/37708"}],"wp:featuredmedia":[{"embeddable":true,"href":"https:\/\/contraluzcucuta.co\/index.php?rest_route=\/wp\/v2\/media\/37706"}],"wp:attachment":[{"href":"https:\/\/contraluzcucuta.co\/index.php?rest_route=%2Fwp%2Fv2%2Fmedia&parent=37705"}],"wp:term":[{"taxonomy":"category","embeddable":true,"href":"https:\/\/contraluzcucuta.co\/index.php?rest_route=%2Fwp%2Fv2%2Fcategories&post=37705"},{"taxonomy":"post_tag","embeddable":true,"href":"https:\/\/contraluzcucuta.co\/index.php?rest_route=%2Fwp%2Fv2%2Ftags&post=37705"}],"curies":[{"name":"wp","href":"https:\/\/api.w.org\/{rel}","templated":true}]}}