{"id":37697,"date":"2022-03-06T07:14:34","date_gmt":"2022-03-06T12:14:34","guid":{"rendered":"http:\/\/contraluzcucuta.co\/?p=37697"},"modified":"2022-03-06T07:14:34","modified_gmt":"2022-03-06T12:14:34","slug":"colombia20-el-clan-politico-tradicional-de-el-catatumbo-que-respalda-a-candidata-a-curul-de-paz","status":"publish","type":"post","link":"https:\/\/contraluzcucuta.co\/?p=37697","title":{"rendered":"COLOMBIA+20. El clan pol\u00edtico tradicional de El Catatumbo que respalda a candidata a curul de paz"},"content":{"rendered":"<p style=\"padding-left: 40px; text-align: right;\"><strong><span style=\"color: #ff9900;\">BOGOT\u00c1.- La candidata Tatiana Gaona Pinz\u00f3n recorre las veredas de El Catatumbo entregando a los pobladores paquetes de cebolla roja, hortaliza que adem\u00e1s es su logo de campa\u00f1a. As\u00ed quiere que la conozcan en esa regi\u00f3n, como la candidata de la cebolla, pues la asociaci\u00f3n que acogi\u00f3 su candidatura a la curul de paz es la de los productores de Mesallana, un corregimiento de San Calixto que es por excelencia productor de cebolla.<\/span><\/strong><\/p>\n<p>Gaona Pinz\u00f3n es oriunda de San Calixto y es una v\u00edctima de la guerra pues su padre, Emiro Gaona, fue asesinado por grupos guerrilleros a finales de la d\u00e9cada de 1980, igual que sus dos abuelos varones. Con esa historia encima, en diciembre pasado se inscribi\u00f3 como candidata a la curul especial de paz del Catatumbo, junto con Yoad Ernesto P\u00e9rez como compa\u00f1ero de lista.<\/p>\n<p>Pero la peculiar campa\u00f1a de la candidata no ha logrado que la poblaci\u00f3n olvide su pertenencia a una familia que ha ostentado poder pol\u00edtico en la regi\u00f3n del Catatumbo y en Oca\u00f1a, particularmente en el municipio de San Calixto, cuna de la familia.<\/p>\n<p>Su t\u00edo Jairo Pinz\u00f3n L\u00f3pez es el m\u00e1s visible de la familia y sobre el que recaen la mayor\u00eda de los cuestionamientos. El hombre se desempe\u00f1\u00f3 como gerente del hospital de Oca\u00f1a Emiro Quintero Ca\u00f1izares, el m\u00e1s importante de la regi\u00f3n, entre 2016 y febrero de 2021. De ese lugar sali\u00f3 en medio de cuestionamientos por corrupci\u00f3n denunciados principalmente por el l\u00edder social Jorge Solano, quien fue asesinado el 3 de noviembre de 2020.<\/p>\n<p>En un video que hab\u00eda grabado Solano antes de su asesinato, advert\u00eda: \u201cSe\u00f1or Jairo Pinz\u00f3n: usted no pudo con la amenaza, no pudo con el soborno ni seguramente podr\u00e1 por la v\u00eda judicial. Le queda una sola v\u00eda conmigo: la de las armas, la del asesinato. A m\u00ed no me va a sacar del paseo como ha sacado a mucha gente. La pelea conmigo es diferente (\u2026) Yo cuido mi vida. Cualquier cosa que me pase, repito a la comunidad oca\u00f1era, ya sabemos qui\u00e9n puede ser\u201d.<\/p>\n<p>En febrero de 2021, las autoridades capturaron a Carlos Daniel Pinz\u00f3n y Luis L\u00f3pez Delgado como coautores del homicidio del l\u00edder social. El director de la Polic\u00eda Nacional, general Jorge Luis Vargas, se\u00f1al\u00f3 que uno de los capturados \u2013 Carlos Daniel\u2013 es primo de Jairo Pinz\u00f3n, quien adem\u00e1s fue vinculado a la investigaci\u00f3n por ese crimen y renunci\u00f3 a su cargo como gerente del hospital.<\/p>\n<p><strong>Figura clave en la campa\u00f1a<\/strong><\/p>\n<p>Adem\u00e1s del homicidio, el paso de Pinz\u00f3n L\u00f3pez por la gerencia del hospital est\u00e1 salpicado por las investigaciones de la Procuradur\u00eda en su contra a ra\u00edz de millonarios contratos de obra, suministro de material quir\u00fargico y de medicamentos, que habr\u00eda suscrito, seg\u00fan la entidad, sin convocatoria p\u00fablica y sin conocimiento de la junta directiva.<\/p>\n<p>Pinz\u00f3n L\u00f3pez, adem\u00e1s, ha sido alcalde dos veces de San Calixto, la \u00faltima de ellas durante el per\u00edodo 2012-2015, cargo para el cual se impuso en esa ocasi\u00f3n con 2.264 votos. En la regi\u00f3n se sabe que es ficha del representante a la C\u00e1mara en Norte de Santander por el Partido Conservador Ciro Rodr\u00edguez Pinz\u00f3n, quien adem\u00e1s es familiar suyo.<\/p>\n<p>Pero la relaci\u00f3n de \u00e9l con su sobrina y hoy candidata Tatiana Gaona Pinz\u00f3n no se circunscribe al parentesco. El exgerente del hospital de Oca\u00f1a y exalcalde de San Calixto es una de las principales figuras que la apoya en la campa\u00f1a, quien la impulsa en llave con la candidatura de Ciro Rodr\u00edguez a la C\u00e1mara. De hecho, su foto de perfil en WhatsApp es un collage de las im\u00e1genes de ambas candidaturas: la de Ciro Rodr\u00edguez y la de Tatiana Gaona.<\/p>\n<p>Adem\u00e1s, en sus estados de WhatsApp ha estado poniendo frecuentemente im\u00e1genes alusivas a la campa\u00f1a de su sobrina. Por ejemplo, en una de las \u00faltimas compartidas por Pinz\u00f3n, aparece una famosa actriz sosteniendo una cebolla -parte de una imagen publicitaria que nada ten\u00eda que ver con la campa\u00f1a pol\u00edtica- y que fue usado por Pinz\u00f3n con el siguiente mensaje: \u201cC\u00e1mara especial, vote por el 501, la cebollita\u201d.<\/p>\n<p>La alcald\u00eda de San Calixto pertenece hoy a esa casa pol\u00edtica. El esposo de la alcaldesa Betsaida Montejo es Daniel Pinz\u00f3n L\u00f3pez, quien adem\u00e1s ejerce en esa alcald\u00eda como gestor social. \u00c9l es tambi\u00e9n t\u00edo de la hoy candidata Tatiana Gaona y hermano de Jairo Pinz\u00f3n. Otro de los hermanos, Sa\u00fal Pinz\u00f3n L\u00f3pez, ha sido personero de Oca\u00f1a.<\/p>\n<p>Las denuncias desde El Catatumbo por los apoyos pol\u00edticos de Tatiana Gaona &#8211; expresamente prohibidos en el acto legislativo 02 de 2021 y el Decreto 1207 de 2021 &#8211; llaman la atenci\u00f3n sobre la poderosa campa\u00f1a que ha desplegado la candidata en esos municipios. En varios puntos ha instalado enormes vallas con publicidad pol\u00edtica de su campa\u00f1a y en sus redes sociales ha movido videos con jingles bien producidos, aun cuando los anticipos que debe girar la autoridad electoral a los candidatos, principal fuente de financiaci\u00f3n para quienes aspiran a las curules de paz, no han sido desembolsados.<\/p>\n<p>La naturaleza de las curules especiales para las v\u00edctimas, como qued\u00f3 establecido desde el Acuerdo de Paz firmado en 2016, es que sean para las regiones m\u00e1s golpeadas por el conflicto armado y la pobreza, y que quienes las ocupen representen a las v\u00edctimas de la guerra, usualmente subrepresentadas en los espacios pol\u00edticos. Sin embargo, las denuncias a la campa\u00f1a de Tatiana Gaona apuntan a que en realidad pertenece a una familia que ha ostentado poder pol\u00edtico en la regi\u00f3n. Adem\u00e1s, se\u00f1alan que Gaona Pinz\u00f3n hab\u00eda salido de San Calixto desde tiempo atr\u00e1s y estaba radicada en C\u00facuta, donde trabajaba como contratista en el hospital Erasmo Meoz. De acuerdo con las denuncias, habr\u00eda vuelto a la regi\u00f3n espec\u00edficamente para emprender su campa\u00f1a a la curul de paz.<\/p>\n<p>Tatiana Gaona Pinz\u00f3n atendi\u00f3 una primera llamada a Colombia+20, pero sostuvo que estaba viajando por carretera y que en otro momento atender\u00eda la entrevista. Sin embargo, no volvi\u00f3 a responder los mensajes ni a contestar las llamadas telef\u00f3nicas.<\/p>\n<p>La historia familiar tambi\u00e9n incluye a Mayra Gaona Pinz\u00f3n, hermana de Tatiana y quien tambi\u00e9n es candidata a la curul de paz en la regi\u00f3n por una lista diferente, lo que la convierte en su rival pol\u00edtica.<\/p>\n<p>Mayra Gaona fue candidata en 2015 a la alcald\u00eda de San Calixto, basti\u00f3n de su familia, pero no result\u00f3 elegida. En aquella ocasi\u00f3n, fue candidata por el Movimiento Autoridades Ind\u00edgenas de Colombia (AICO), un partido que tiene vigente su personer\u00eda jur\u00eddica. Por haber sido candidata en esas elecciones fue presentada en su contra una demanda de revocatoria a su candidatura a la curul de paz, as\u00ed como a la de su compa\u00f1ero de lista, Pedro El\u00edas Quintero, candidato a la alcald\u00eda de Teorama en 2011 y en 2015.<\/p>\n<p>Sin embargo, el Consejo Nacional Electoral, mediante la Resoluci\u00f3n 1126 del 2 de febrero de 2022, resolvi\u00f3 el asunto y estableci\u00f3 que la limitaci\u00f3n de haber sido candidato por un partido con personer\u00eda jur\u00eddica a un cargo p\u00fablico cubre solo los cinco a\u00f1os anteriores a la fecha de inscripci\u00f3n de la candidatura. Esa decisi\u00f3n habilit\u00f3 a Mayra y Pedro El\u00edas a seguir aspirando por la curul.<\/p>\n<p>Pero la casa pol\u00edtica de su familia materna est\u00e1 jugada con la campa\u00f1a de su hermana Tatiana Gaona. \u201cYo no estoy apoyada por las estructuras pol\u00edticas a las que hoy pertenece mi hermana, porque para nadie es un secreto que ella est\u00e1 ah\u00ed apoyada por unas pol\u00edticas que no nos han cumplido en el territorio\u201d.<\/p>\n<p>Aunque la candidata sostiene que actualmente no cuenta con apalancamiento pol\u00edtico, ella tambi\u00e9n ha sido funcionaria. Fue secretaria privada del exgobernador Edgar D\u00edaz, actual senador de la Rep\u00fablica y candidato al Senado por Cambio Radical.<\/p>\n<p><strong>SEBASTI\u00c1N FORERO RUEDA<\/strong><\/p>\n<p><strong>Periodista Colombia 2020<\/strong><\/p>\n<p><strong>@SebastianForerr<\/strong><\/p>\n<p><strong>sforero@elespectador.com<\/strong><\/p>\n","protected":false},"excerpt":{"rendered":"<p>BOGOT\u00c1.- La candidata Tatiana Gaona Pinz\u00f3n recorre las veredas de El Catatumbo entregando a los pobladores paquetes de cebolla roja, hortaliza que adem\u00e1s es su logo de campa\u00f1a. As\u00ed quiere que la conozcan en esa regi\u00f3n, como la candidata de la cebolla, pues la asociaci\u00f3n que acogi\u00f3 su candidatura a la curul de paz es &hellip;<\/p>\n","protected":false},"author":1,"featured_media":37700,"comment_status":"open","ping_status":"open","sticky":false,"template":"","format":"standard","meta":{"footnotes":""},"categories":[4,9],"tags":[],"class_list":["post-37697","post","type-post","status-publish","format-standard","has-post-thumbnail","hentry","category-barra","category-politica"],"_links":{"self":[{"href":"https:\/\/contraluzcucuta.co\/index.php?rest_route=\/wp\/v2\/posts\/37697","targetHints":{"allow":["GET"]}}],"collection":[{"href":"https:\/\/contraluzcucuta.co\/index.php?rest_route=\/wp\/v2\/posts"}],"about":[{"href":"https:\/\/contraluzcucuta.co\/index.php?rest_route=\/wp\/v2\/types\/post"}],"author":[{"embeddable":true,"href":"https:\/\/contraluzcucuta.co\/index.php?rest_route=\/wp\/v2\/users\/1"}],"replies":[{"embeddable":true,"href":"https:\/\/contraluzcucuta.co\/index.php?rest_route=%2Fwp%2Fv2%2Fcomments&post=37697"}],"version-history":[{"count":1,"href":"https:\/\/contraluzcucuta.co\/index.php?rest_route=\/wp\/v2\/posts\/37697\/revisions"}],"predecessor-version":[{"id":37701,"href":"https:\/\/contraluzcucuta.co\/index.php?rest_route=\/wp\/v2\/posts\/37697\/revisions\/37701"}],"wp:featuredmedia":[{"embeddable":true,"href":"https:\/\/contraluzcucuta.co\/index.php?rest_route=\/wp\/v2\/media\/37700"}],"wp:attachment":[{"href":"https:\/\/contraluzcucuta.co\/index.php?rest_route=%2Fwp%2Fv2%2Fmedia&parent=37697"}],"wp:term":[{"taxonomy":"category","embeddable":true,"href":"https:\/\/contraluzcucuta.co\/index.php?rest_route=%2Fwp%2Fv2%2Fcategories&post=37697"},{"taxonomy":"post_tag","embeddable":true,"href":"https:\/\/contraluzcucuta.co\/index.php?rest_route=%2Fwp%2Fv2%2Ftags&post=37697"}],"curies":[{"name":"wp","href":"https:\/\/api.w.org\/{rel}","templated":true}]}}