{"id":37694,"date":"2022-03-03T19:48:02","date_gmt":"2022-03-04T00:48:02","guid":{"rendered":"http:\/\/contraluzcucuta.co\/?p=37694"},"modified":"2022-03-03T19:48:02","modified_gmt":"2022-03-04T00:48:02","slug":"elecciones-2022-cierre-de-fronteras-sera-a-partir-del-10-de-marzo-a-las-600-de-la-tarde","status":"publish","type":"post","link":"https:\/\/contraluzcucuta.co\/?p=37694","title":{"rendered":"ELECCIONES 2022. Cierre de fronteras ser\u00e1 a partir del 10 de marzo, a las 6:00 de la tarde  \u00a0"},"content":{"rendered":"<p style=\"padding-left: 40px; text-align: right;\"><strong><span style=\"color: #ff9900;\">BOGOT\u00c1. El cierre de las fronteras para el proceso electoral, ser\u00e1 a partir del 10 de marzo, desde las 6:00 de la tarde hasta las 11:59 de la noche 13 de marzo. As\u00ed lo dio a conocer el ministro del interior Daniel Palacios luego del Comit\u00e9 de Orden P\u00fablico.<\/span><\/strong><\/p>\n<p>En la reuni\u00f3n, en la que se evalu\u00f3 la situaci\u00f3n de riesgo en varios municipios del pa\u00eds, para los comicios del 13 de marzo, participaron el Registrador Nacional, Alexander Vega, y voceros del Ej\u00e9rcito, la Polic\u00eda y los organismos de control.<\/p>\n<p>El ministro Palacios, tambi\u00e9n, se refiri\u00f3 a las medidas de seguridad para garantizar la jornada democr\u00e1tica en la que se elegir\u00e1n los nuevos miembros del Congreso de la Rep\u00fablica y se votar\u00e1n las consultas de los partidos de los precandidatos presidenciales.<\/p>\n<p>\u201cNuevamente, les reiteramos a los colombianos que son m\u00e1s de 210.000 hombres, los que han sido dispuestos para garantizar la seguridad del certamen electoral\u201d, dijo el funcionario.<\/p>\n<p>Colombia ha organizado seis puestos fronterizos en donde los residentes en territorio venezolano \u2013 que votaban normalmente en los consulados \u2013 podr\u00e1n pasar a sufragar. Sola y exclusivamente podr\u00e1n hacerlo en esos puntos fronterizos quienes est\u00e1n inscritos en los consulados en el exterior.<\/p>\n<p>Las ciudades donde se habilitaron los puntos de votaci\u00f3n fronterizos son C\u00facuta, Arauca, Maicao, Puerto Carre\u00f1o, In\u00edrida (Guain\u00eda) y Villa del Rosario. M\u00e1s de 195.000 colombianos que residen en Venezuela pueden ejercer su derecho al voto.<\/p>\n<p>Nueva Zelanda ser\u00e1 el primer pa\u00eds en donde se iniciar\u00e1 el proceso electoral. El 7 de marzo, comenzar\u00e1 la votaci\u00f3n en los puestos fronterizos establecidos.<\/p>\n<p>En 55 municipios priorizados habr\u00e1 un dispositivo especial con la Fuerza P\u00fablica, para garantizar seguridad y transparencia en los comicios electorales del 2022. \u201cSon 16 jurisdicciones especiales en donde se adelantar\u00e1 la elecci\u00f3n de las curules para las v\u00edctimas, que han tenido toda la atenci\u00f3n por parte del Gobierno\u201d, dijo Palacios.<\/p>\n<p>\u201cDe los 403 candidatos, el 76 % tiene medida de protecci\u00f3n por parte de la Unidad Nacional de Protecci\u00f3n. Adicional, se ha tenido acompa\u00f1amiento especial por parte del Ej\u00e9rcito y la Polic\u00eda para garantizar la seguridad en esos entornos. De igual forma, hemos priorizado 9 jurisdicciones en donde est\u00e1n esos 55 municipios que tienen nuestra especial atenci\u00f3n\u201d, asegur\u00f3.<\/p>\n","protected":false},"excerpt":{"rendered":"<p>BOGOT\u00c1. El cierre de las fronteras para el proceso electoral, ser\u00e1 a partir del 10 de marzo, desde las 6:00 de la tarde hasta las 11:59 de la noche 13 de marzo. As\u00ed lo dio a conocer el ministro del interior Daniel Palacios luego del Comit\u00e9 de Orden P\u00fablico. En la reuni\u00f3n, en la que &hellip;<\/p>\n","protected":false},"author":1,"featured_media":37695,"comment_status":"open","ping_status":"open","sticky":false,"template":"","format":"standard","meta":{"footnotes":""},"categories":[4,9],"tags":[1589,806,5231,5392],"class_list":["post-37694","post","type-post","status-publish","format-standard","has-post-thumbnail","hentry","category-barra","category-politica","tag-cierre-de-la-frontera","tag-congreso-de-la-republica","tag-elecciones-2022","tag-mininterior"],"_links":{"self":[{"href":"https:\/\/contraluzcucuta.co\/index.php?rest_route=\/wp\/v2\/posts\/37694","targetHints":{"allow":["GET"]}}],"collection":[{"href":"https:\/\/contraluzcucuta.co\/index.php?rest_route=\/wp\/v2\/posts"}],"about":[{"href":"https:\/\/contraluzcucuta.co\/index.php?rest_route=\/wp\/v2\/types\/post"}],"author":[{"embeddable":true,"href":"https:\/\/contraluzcucuta.co\/index.php?rest_route=\/wp\/v2\/users\/1"}],"replies":[{"embeddable":true,"href":"https:\/\/contraluzcucuta.co\/index.php?rest_route=%2Fwp%2Fv2%2Fcomments&post=37694"}],"version-history":[{"count":1,"href":"https:\/\/contraluzcucuta.co\/index.php?rest_route=\/wp\/v2\/posts\/37694\/revisions"}],"predecessor-version":[{"id":37696,"href":"https:\/\/contraluzcucuta.co\/index.php?rest_route=\/wp\/v2\/posts\/37694\/revisions\/37696"}],"wp:featuredmedia":[{"embeddable":true,"href":"https:\/\/contraluzcucuta.co\/index.php?rest_route=\/wp\/v2\/media\/37695"}],"wp:attachment":[{"href":"https:\/\/contraluzcucuta.co\/index.php?rest_route=%2Fwp%2Fv2%2Fmedia&parent=37694"}],"wp:term":[{"taxonomy":"category","embeddable":true,"href":"https:\/\/contraluzcucuta.co\/index.php?rest_route=%2Fwp%2Fv2%2Fcategories&post=37694"},{"taxonomy":"post_tag","embeddable":true,"href":"https:\/\/contraluzcucuta.co\/index.php?rest_route=%2Fwp%2Fv2%2Ftags&post=37694"}],"curies":[{"name":"wp","href":"https:\/\/api.w.org\/{rel}","templated":true}]}}