{"id":37690,"date":"2022-02-27T12:38:05","date_gmt":"2022-02-27T17:38:05","guid":{"rendered":"http:\/\/contraluzcucuta.co\/?p=37690"},"modified":"2022-02-27T12:38:05","modified_gmt":"2022-02-27T17:38:05","slug":"colombia20-cucuta-las-propuestas-de-los-jovenes-para-la-ciudad-de-frontera","status":"publish","type":"post","link":"https:\/\/contraluzcucuta.co\/?p=37690","title":{"rendered":"COLOMBIA+20. C\u00facuta, las propuestas de los j\u00f3venes para la ciudad de frontera"},"content":{"rendered":"<p style=\"padding-left: 40px; text-align: right;\"><strong><span style=\"color: #ff9900;\">C\u00daCUTA.- Esta semana adelantamos en la capital de Norte de Santander el encuentro \u201cCiudad de frontera: Los j\u00f3venes sue\u00f1an una C\u00facuta diferente\u201d, organizado con apoyo de la Embajada de Alemania en Colombia y en alianza con el diario La Opini\u00f3n y la Universidad Francisco de Paula Santander.<\/span><\/strong><\/p>\n<p>Estuvimos con j\u00f3venes provenientes del movimiento campesino, grupos art\u00edsticos, l\u00edderes y lideresas de organizaciones sociales, el gremio empresarial, migrantes y sectores pol\u00edticos que, en clave de di\u00e1logo, dieron varias propuestas sobre una agenda social que permitan enfrentar los retos de la ciudad fronteriza.<\/p>\n<p>El encuentro, que se dio en medio de un paro armado, fue el escenario para escuchar, por ejemplo, a las Motilonas RAP, Sol y Dennis, dos primas nacidas en El Catatumbo que con m\u00fasica reivindican, entre otras, las necesidades del territorio y la memoria de los l\u00edderes y lideresas asesinados.<\/p>\n<p>Tambi\u00e9n, estuvieron organizaciones como las Moiras, colectivo que trabaja con j\u00f3venes y mujeres para hacer memoria por medio del arte; la 5ta con 5ta, grupo de hip hop, y la Andi. Los panelistas coincidieron en que existen deudas con la juventud como el acceso a la educaci\u00f3n y en que es necesario no solo dar la bienvenida a los migrantes, sino fortalecer los procesos de integraci\u00f3n.<\/p>\n<p>Adem\u00e1s, continuamos haciendo seguimiento a las denuncias que llegan sobre candidaturas a las curules de paz. Esta semana, Camilo Pardo nos cont\u00f3 en este art\u00edculo sobre la aspiraci\u00f3n de Pedro Castro, carta que tiene el clan Castro Ara\u00fajo para quedarse con uno de esos esca\u00f1os en Cesar. Natalia Romero tambi\u00e9n realiz\u00f3 esta nota en la que registraba la candidatura de Franklin Vega, cercano al partido Liberal y a parapol\u00edticos en C\u00f3rdoba. Es tal la falta de garant\u00edas que hemos denunciado sobre las curules de paz en notas como esta y esta, que varios aspirantes pidieron esta semana aplazar esas elecciones.<\/p>\n<p>A prop\u00f3sito de este tema, est\u00e9n pendientes porque este domingo 27 de febrero publicaremos \u2018Curules de paz, las v\u00edctimas llegan al Congreso\u2019, un trabajo multimedia realizado por el equipo de periodistas de Colombia+20 de El Espectador y Rutas del conflicto.<\/p>\n<p>Y hablando de nuevos productos nos complace contarles que esta semana tambi\u00e9n lanzamos Onda Pac\u00edfica, el primero de una serie de programas radiales producidos por el equipo de Colombia+20 y la red de emisoras de paz de la Radio Nacional del Colombia. Aqu\u00ed puede escucharlo. Estos programas ser\u00e1n emitidos el \u00faltimo viernes de cada mes desde un territorio diferente de la geograf\u00eda nacional donde operan las emisoras, creadas en cumplimiento del Acuerdo de Paz firmado en 2016.<\/p>\n<p><strong>Cindy A. Morales<\/strong><\/p>\n<p><strong>Editora de Colombia+20<\/strong><\/p>\n","protected":false},"excerpt":{"rendered":"<p>C\u00daCUTA.- Esta semana adelantamos en la capital de Norte de Santander el encuentro \u201cCiudad de frontera: Los j\u00f3venes sue\u00f1an una C\u00facuta diferente\u201d, organizado con apoyo de la Embajada de Alemania en Colombia y en alianza con el diario La Opini\u00f3n y la Universidad Francisco de Paula Santander. Estuvimos con j\u00f3venes provenientes del movimiento campesino, grupos &hellip;<\/p>\n","protected":false},"author":1,"featured_media":37691,"comment_status":"open","ping_status":"open","sticky":false,"template":"","format":"standard","meta":{"footnotes":""},"categories":[45,4],"tags":[4298,5389,5391,5390,1670],"class_list":["post-37690","post","type-post","status-publish","format-standard","has-post-thumbnail","hentry","category-destacado","category-barra","tag-5ta-con-5ta","tag-colombia20","tag-las-moiras","tag-motilonas-rap","tag-quinta-con-quinta"],"_links":{"self":[{"href":"https:\/\/contraluzcucuta.co\/index.php?rest_route=\/wp\/v2\/posts\/37690","targetHints":{"allow":["GET"]}}],"collection":[{"href":"https:\/\/contraluzcucuta.co\/index.php?rest_route=\/wp\/v2\/posts"}],"about":[{"href":"https:\/\/contraluzcucuta.co\/index.php?rest_route=\/wp\/v2\/types\/post"}],"author":[{"embeddable":true,"href":"https:\/\/contraluzcucuta.co\/index.php?rest_route=\/wp\/v2\/users\/1"}],"replies":[{"embeddable":true,"href":"https:\/\/contraluzcucuta.co\/index.php?rest_route=%2Fwp%2Fv2%2Fcomments&post=37690"}],"version-history":[{"count":1,"href":"https:\/\/contraluzcucuta.co\/index.php?rest_route=\/wp\/v2\/posts\/37690\/revisions"}],"predecessor-version":[{"id":37692,"href":"https:\/\/contraluzcucuta.co\/index.php?rest_route=\/wp\/v2\/posts\/37690\/revisions\/37692"}],"wp:featuredmedia":[{"embeddable":true,"href":"https:\/\/contraluzcucuta.co\/index.php?rest_route=\/wp\/v2\/media\/37691"}],"wp:attachment":[{"href":"https:\/\/contraluzcucuta.co\/index.php?rest_route=%2Fwp%2Fv2%2Fmedia&parent=37690"}],"wp:term":[{"taxonomy":"category","embeddable":true,"href":"https:\/\/contraluzcucuta.co\/index.php?rest_route=%2Fwp%2Fv2%2Fcategories&post=37690"},{"taxonomy":"post_tag","embeddable":true,"href":"https:\/\/contraluzcucuta.co\/index.php?rest_route=%2Fwp%2Fv2%2Ftags&post=37690"}],"curies":[{"name":"wp","href":"https:\/\/api.w.org\/{rel}","templated":true}]}}