{"id":37683,"date":"2022-02-22T16:31:17","date_gmt":"2022-02-22T21:31:17","guid":{"rendered":"http:\/\/contraluzcucuta.co\/?p=37683"},"modified":"2022-02-22T16:31:17","modified_gmt":"2022-02-22T21:31:17","slug":"pregunta-capciosa-aprobados-en-colombia-la-eutanasia-y-el-aborto-que-falta","status":"publish","type":"post","link":"https:\/\/contraluzcucuta.co\/?p=37683","title":{"rendered":"PREGUNTA CAPCIOSA. Aprobados en Colombia la eutanasia y el aborto. \u00bfQu\u00e9 falta?\u2019."},"content":{"rendered":"<p style=\"padding-left: 40px; text-align: right;\"><strong><span style=\"color: #ff9900;\">C\u00daCUTA.- La Corte Constitucional tom\u00f3 la decisi\u00f3n de despenalizar el aborto en Colombia. Ahora, se permitir\u00e1 que las mujeres asuman esa determinaci\u00f3n hasta los seis meses de gestaci\u00f3n.<\/span><\/strong><\/p>\n<p style=\"padding-left: 40px; text-align: right;\"><strong><span style=\"color: #ff9900;\">La revista <a style=\"color: #ff9900;\" href=\"http:\/\/www.contraluzcucuta.co\">www.contraluzcucuta.co<\/a> les propuso a los lectores la \u2018Pregunta capciosa. Aprobados en Colombia la eutanasia y el aborto. \u00bfQu\u00e9 falta?\u2019. Estos son algunos de los comentarios:<\/span><\/strong><\/p>\n<ol>\n<li><strong> Pedro Jos\u00e9 Rodr\u00edguez Molina<\/strong><\/li>\n<\/ol>\n<p>Le falta la legalizaci\u00f3n de la marihuana y queda pendiente la pena de muerte y quedamos listos<\/p>\n<ol start=\"2\">\n<li><strong> Sandra Ochoa<\/strong><\/li>\n<\/ol>\n<p>La pena de muerte<\/p>\n<ol start=\"3\">\n<li><strong> Gaby Delgado Romero<\/strong><\/li>\n<\/ol>\n<p>Cadena perpetua para violadores de ni\u00f1os<\/p>\n<ol start=\"4\">\n<li><strong> Jairo Eduardo Oviedo M.<\/strong><\/li>\n<\/ol>\n<p>Que el sistema de salud funcione. (As\u00ed, seguramente se reducen sensiblemente los riesgos de eutanasia). Que haya garant\u00edas reales para todos los ni\u00f1@s que nazcan (as\u00ed se reduce sensiblemente el riesgo del aborto).<\/p>\n<ol start=\"5\">\n<li><strong> R\u00f3mulo Garc\u00eda<\/strong><\/li>\n<\/ol>\n<p>La legalizaci\u00f3n del cannabis, su uso y consumo tanto recreativo como m\u00e9dico y pena de muerte a los corruptos.<\/p>\n<ol start=\"6\">\n<li><strong> Reyes Heliz\u00e1nder Fl\u00f3rez Vera<\/strong><\/li>\n<\/ol>\n<p>Falta que metan preso a Uribe.<\/p>\n<ol start=\"7\">\n<li><strong> Jaimes Luz<\/strong><\/li>\n<\/ol>\n<p>Fue un fallo de la corte, no es ley a\u00fan. Pero eso es un primer paso.<\/p>\n<ol start=\"8\">\n<li><strong> Vicente Garcia-Granados<\/strong><\/li>\n<\/ol>\n<p>Jaimes Luz: los fallos de las Cortes son de obligatorio cumplimiento. En una decisi\u00f3n como esta la Corte legisla no siendo su funci\u00f3n. Suple a uno de los poderes del Estado.<\/p>\n<ol start=\"9\">\n<li><strong> Hugo Espinosa D\u00e1vila<\/strong><\/li>\n<\/ol>\n<p>Que vuele la \u2018Garza\u2019 Lizarazo<\/p>\n<ol start=\"10\">\n<li><strong> Jairo Edelberto Cuervo Rodr\u00edguez<\/strong><\/li>\n<\/ol>\n<p>Que llegue el Kakas a la Presidencia y quedamos listos.<\/p>\n<ol start=\"11\">\n<li><strong> Rafael Charry Abril<\/strong><\/li>\n<\/ol>\n<p>Ay Dios, estimado periodista, me da la impresi\u00f3n de que no est\u00e1s conectado con la realidad del pa\u00eds. O est\u00e1s conectado, pero no quieres ver \u00bfo m\u00e1s bien podr\u00eda ser un sarcasmo?<\/p>\n<ol start=\"12\">\n<li><strong> Daicy Celiani Echeverri Castillo<\/strong><\/li>\n<\/ol>\n<p>En esta cultura de muerte, la pena de muerte. Y as\u00ed a este gobierno corrupto le sale m\u00e1s barato no garantizar investigaci\u00f3n m\u00e9dica, una buena calidad de vida, adopciones seguras y responsables, educaci\u00f3n sexual y educaci\u00f3n \u00e9tica y moral, les sale m\u00e1s barato matar gente y ellos llen\u00e1ndose los bolsillos. Abran los ojos.<\/p>\n<ol start=\"13\">\n<li><strong> Andr\u00e9s Morales Plazas<\/strong><\/li>\n<\/ol>\n<p>La pena de muerte es inconstitucional, pero me conformo con la muerte pol\u00edtica de corruptos e inhabilidad de por vida para contratar con el Estado. Tambi\u00e9n falta legalizaci\u00f3n del cannabis recreativo, Uribe preso, carreteras pavimentadas, sistema ferroviario, sistema universal de educaci\u00f3n y un sistema eficiente y humanizado de salud.<\/p>\n<ol start=\"14\">\n<li><strong> Fernando Ortega Gonzalez<\/strong><\/li>\n<\/ol>\n<p>Andr\u00e9s Morales Plazas: la pena de muerte pol\u00edtica es una cortina de humo para que los pol\u00edticos gobiernen en cuerpo ajeno. Casos de esos hemos visto y hay hoy d\u00eda.<\/p>\n<ol start=\"15\">\n<li><strong> TanTan Ruiz Carrillo<\/strong><\/li>\n<\/ol>\n<p>En Colombia falta todo.<\/p>\n<ol start=\"16\">\n<li><strong> Mario Caicedo<\/strong><\/li>\n<\/ol>\n<p>Que condenen a \u00c1lvaro Uribe V\u00e9lez por los falsos positivos y todo lo que debe.<\/p>\n<ol start=\"17\">\n<li><strong> Gabriel Moncada Morantes<\/strong><\/li>\n<\/ol>\n<p>El fin del mundo<\/p>\n<ol start=\"18\">\n<li><strong> Shaka Ortiz Quir\u00f3z<\/strong><\/li>\n<\/ol>\n<p>Que se acabe el uribismo<\/p>\n<ol start=\"19\">\n<li><strong> Lenny RB<\/strong><\/li>\n<\/ol>\n<p>Pena de muerte &#8230;<\/p>\n<ol start=\"20\">\n<li><strong> Andr\u00e9s Ignacio Hoyos Arenas<\/strong><\/li>\n<\/ol>\n<p>Evolucionamos. \u00a1Nada m\u00e1s!<\/p>\n<ol start=\"21\">\n<li><strong> OmarElias Laguado Nieto<\/strong><\/li>\n<\/ol>\n<p>Que pierda Uribe las elecciones, que legalicen de nuevo las corridas de toros, ah\u00ed si salen las que se alegraron por permitir el aborto antes de 24 semanas, porque es un crimen el maltrato animal. Fin de la hipocres\u00eda, en cambio lo que les legalizaron si no es crimen.<\/p>\n<ol start=\"22\">\n<li><strong> M\u00f3nica Cu\u00e9llar<\/strong><\/li>\n<\/ol>\n<p>La pena de muerte a asesinos seriales y violadores. La extinci\u00f3n de dominio a los corruptos y la inhabilitaci\u00f3n pol\u00edtica. Y la legalizaci\u00f3n de la droga<\/p>\n<ol start=\"23\">\n<li><strong> Pu Edilberto Eu Osorio<\/strong><\/li>\n<\/ol>\n<p>Q la gente deje de joder x lo q hagan o dejen de hacer los dem\u00e1s.<\/p>\n<ol start=\"23\">\n<li><strong> Eduardo Tadeo Lalo V\u00e1squez Morelli<\/strong><\/li>\n<\/ol>\n<p>Eutanasia y aborto: los padres matan a los hijos porque si no, los hijos matan a sus padres. La autodestrucci\u00f3n del ser humano. El planeta ser\u00e1 poblado y dirigido por robots.<\/p>\n","protected":false},"excerpt":{"rendered":"<p>C\u00daCUTA.- La Corte Constitucional tom\u00f3 la decisi\u00f3n de despenalizar el aborto en Colombia. Ahora, se permitir\u00e1 que las mujeres asuman esa determinaci\u00f3n hasta los seis meses de gestaci\u00f3n. La revista www.contraluzcucuta.co les propuso a los lectores la \u2018Pregunta capciosa. Aprobados en Colombia la eutanasia y el aborto. \u00bfQu\u00e9 falta?\u2019. Estos son algunos de los comentarios: &hellip;<\/p>\n","protected":false},"author":1,"featured_media":37684,"comment_status":"open","ping_status":"open","sticky":false,"template":"","format":"standard","meta":{"footnotes":""},"categories":[45,4,5387],"tags":[5078,4206,5184],"class_list":["post-37683","post","type-post","status-publish","format-standard","has-post-thumbnail","hentry","category-destacado","category-barra","category-pregunta-capciosa","tag-aborto-en-colombia","tag-no-a-la-eutanasia","tag-pregunta-capciosa"],"_links":{"self":[{"href":"https:\/\/contraluzcucuta.co\/index.php?rest_route=\/wp\/v2\/posts\/37683","targetHints":{"allow":["GET"]}}],"collection":[{"href":"https:\/\/contraluzcucuta.co\/index.php?rest_route=\/wp\/v2\/posts"}],"about":[{"href":"https:\/\/contraluzcucuta.co\/index.php?rest_route=\/wp\/v2\/types\/post"}],"author":[{"embeddable":true,"href":"https:\/\/contraluzcucuta.co\/index.php?rest_route=\/wp\/v2\/users\/1"}],"replies":[{"embeddable":true,"href":"https:\/\/contraluzcucuta.co\/index.php?rest_route=%2Fwp%2Fv2%2Fcomments&post=37683"}],"version-history":[{"count":1,"href":"https:\/\/contraluzcucuta.co\/index.php?rest_route=\/wp\/v2\/posts\/37683\/revisions"}],"predecessor-version":[{"id":37685,"href":"https:\/\/contraluzcucuta.co\/index.php?rest_route=\/wp\/v2\/posts\/37683\/revisions\/37685"}],"wp:featuredmedia":[{"embeddable":true,"href":"https:\/\/contraluzcucuta.co\/index.php?rest_route=\/wp\/v2\/media\/37684"}],"wp:attachment":[{"href":"https:\/\/contraluzcucuta.co\/index.php?rest_route=%2Fwp%2Fv2%2Fmedia&parent=37683"}],"wp:term":[{"taxonomy":"category","embeddable":true,"href":"https:\/\/contraluzcucuta.co\/index.php?rest_route=%2Fwp%2Fv2%2Fcategories&post=37683"},{"taxonomy":"post_tag","embeddable":true,"href":"https:\/\/contraluzcucuta.co\/index.php?rest_route=%2Fwp%2Fv2%2Ftags&post=37683"}],"curies":[{"name":"wp","href":"https:\/\/api.w.org\/{rel}","templated":true}]}}