{"id":37673,"date":"2022-02-18T14:56:09","date_gmt":"2022-02-18T19:56:09","guid":{"rendered":"http:\/\/contraluzcucuta.co\/?p=37673"},"modified":"2022-02-18T14:56:09","modified_gmt":"2022-02-18T19:56:09","slug":"necrologia-la-virtud-mas-sobrevalorada-es-la-paciencia-francisco-varela","status":"publish","type":"post","link":"https:\/\/contraluzcucuta.co\/?p=37673","title":{"rendered":"NECROLOG\u00cdA. La virtud m\u00e1s sobrevalorada es la paciencia: Francisco Varela"},"content":{"rendered":"<p style=\"padding-left: 40px; text-align: right;\"><strong><span style=\"color: #ff9900;\">C\u00daCUTA.- Francisco Varela parti\u00f3 de este mundo luego de haber vivido bien sus a\u00f1os como economista, docente universitario y periodista. Disfrut\u00f3 lo que hizo y dej\u00f3 gratos recuerdos entre quienes lo frecuentaban. Su lema cotidiano era \u201cluchar para seguir viviendo\u201d. Hoy, dej\u00f3 de luchar y, por consiguiente, de vivir. Esta entrevista la concedi\u00f3 a la entonces estudiante de Comunicaci\u00f3n Social (Universidad de Pamplona \u2013 sede C\u00facuta), Alejandra Restrepo (2014).<\/span><\/strong><\/p>\n<p><strong>\u00bfCu\u00e1l es su idea de la felicidad perfecta? <\/strong><\/p>\n<p>Que no se tenga ning\u00fan problema ni econ\u00f3mico ni familiar.<\/p>\n<p><strong>\u00bfCu\u00e1l es su gran miedo? <\/strong><\/p>\n<p>Quedarme solo.<\/p>\n<p><strong>Con qu\u00e9 personaje hist\u00f3rico se siente m\u00e1s identificado? <\/strong><\/p>\n<p>John F. Kennedy.<\/p>\n<p><strong>\u00bfQui\u00e9n es la persona viva a la que m\u00e1s admira? <\/strong><\/p>\n<p>El papa Francisco.<\/p>\n<p><strong>\u00bfCu\u00e1l es el rasgo que m\u00e1s le desagrada de s\u00ed mismo? <\/strong><\/p>\n<p>Cuando me rindo y no cumplo la meta que me propuse.<\/p>\n<p><strong>\u00bfCu\u00e1l es el rasgo que m\u00e1s le desagrada de los dem\u00e1s? <\/strong><\/p>\n<p>Que no entiendan al pr\u00f3jimo.<\/p>\n<p><strong>\u00bfCu\u00e1l es su mayor extravagancia? <\/strong><\/p>\n<p>Comer mucho.<\/p>\n<p><strong>\u00bfCu\u00e1l es su viaje favorito? <\/strong><\/p>\n<p>Quisiera ir a Tierra Santa.<\/p>\n<p><a href=\"https:\/\/contraluzcucuta.co\/wp-content\/uploads\/2022\/02\/FRANCISCO-VARELA-1-1.jpg\"><img loading=\"lazy\" decoding=\"async\" class=\"alignnone size-medium wp-image-37676 alignleft\" src=\"https:\/\/contraluzcucuta.co\/wp-content\/uploads\/2022\/02\/FRANCISCO-VARELA-1-1-298x300.jpg\" alt=\"\" width=\"298\" height=\"300\" srcset=\"https:\/\/contraluzcucuta.co\/wp-content\/uploads\/2022\/02\/FRANCISCO-VARELA-1-1-298x300.jpg 298w, https:\/\/contraluzcucuta.co\/wp-content\/uploads\/2022\/02\/FRANCISCO-VARELA-1-1-100x100.jpg 100w, https:\/\/contraluzcucuta.co\/wp-content\/uploads\/2022\/02\/FRANCISCO-VARELA-1-1-150x150.jpg 150w, https:\/\/contraluzcucuta.co\/wp-content\/uploads\/2022\/02\/FRANCISCO-VARELA-1-1.jpg 457w\" sizes=\"auto, (max-width: 298px) 100vw, 298px\" \/><\/a><\/p>\n<p><strong>\u00bfCu\u00e1l considera que es la virtud m\u00e1s sobrevalorada? <\/strong><\/p>\n<p>La paciencia.<\/p>\n<p><strong>\u00bfEn qu\u00e9 ocasiones recurre a la mentira? <\/strong><\/p>\n<p>Cuando hay dificultades para ser sincero.<\/p>\n<p><strong>\u00bfQu\u00e9 es lo que menos le gusta de su aspecto? <\/strong><\/p>\n<p>El ego\u00edsmo.<\/p>\n<p><strong>\u00bfQu\u00e9 persona viva le inspira m\u00e1s desprecio? <\/strong><\/p>\n<p>Ninguna.<\/p>\n<p><strong>\u00bfDe qu\u00e9 palabras o frases abusa? <\/strong><\/p>\n<p>Pleonasmos.<\/p>\n<p><strong>\u00bfCu\u00e1l es su gran pesar? <\/strong><\/p>\n<p>No haber estudiado m\u00e1s.<\/p>\n<p><strong>\u00bfQu\u00e9 o qui\u00e9n es el amor de su vida? <\/strong><\/p>\n<p>Mi esposa.<\/p>\n<p><strong>\u00bfCu\u00e1ndo y d\u00f3nde fue m\u00e1s feliz? <\/strong><\/p>\n<p>Cuando estuve con mi esposa en la luna de miel.<\/p>\n<p><strong>\u00bfQu\u00e9 talento le gustar\u00eda tener? <\/strong><\/p>\n<p>Ser m\u00e1s exitoso.<\/p>\n<p><strong>\u00bfCu\u00e1l es su estado de \u00e1nimo actual? <\/strong><\/p>\n<p>Aceptable.<\/p>\n<p><strong>\u00bfSi pudiera cambiar una \u00fanica cosa de usted, que elegir\u00eda? <\/strong><\/p>\n<p>Cuando soy incomprensible.<\/p>\n<p><strong>\u00bfSi pudiera cambiar una \u00fanica cosa de su familia, que elegir\u00eda? <\/strong><\/p>\n<p>Cuando entre ellos no se comprenden.<\/p>\n<p><strong>\u00bfCu\u00e1l considera que es su gran logro? <\/strong><\/p>\n<p>Llegar a la universidad y graduarme.<\/p>\n<p><strong>\u00bfSi muriese y reencarnase en una persona o cosa que cree que ser\u00eda? <\/strong><\/p>\n<p>No creo en la reencarnaci\u00f3n.<\/p>\n<p><strong>Si pudiera elegir en qu\u00e9 reencarnarse \u00bfQu\u00e9 ser\u00eda? <\/strong><\/p>\n<p>No creo en la reencarnaci\u00f3n.<\/p>\n<p><strong>\u00bfCu\u00e1l es su bien m\u00e1s preciado? <\/strong><\/p>\n<p>Mi familia.<\/p>\n<p><strong>\u00bfCu\u00e1l es para usted la m\u00e1xima expresi\u00f3n de la miseria? <\/strong><\/p>\n<p>No educarse.<\/p>\n<p><strong>\u00bfD\u00f3nde le gustar\u00eda vivir? <\/strong><\/p>\n<p>Ac\u00e1 en C\u00facuta.<\/p>\n<p><a href=\"https:\/\/contraluzcucuta.co\/wp-content\/uploads\/2022\/02\/FRANCISCO-VARELA-3.jpg\"><img loading=\"lazy\" decoding=\"async\" class=\"alignnone size-medium wp-image-37677 alignleft\" src=\"https:\/\/contraluzcucuta.co\/wp-content\/uploads\/2022\/02\/FRANCISCO-VARELA-3-300x292.jpg\" alt=\"\" width=\"300\" height=\"292\" srcset=\"https:\/\/contraluzcucuta.co\/wp-content\/uploads\/2022\/02\/FRANCISCO-VARELA-3-300x292.jpg 300w, https:\/\/contraluzcucuta.co\/wp-content\/uploads\/2022\/02\/FRANCISCO-VARELA-3-600x584.jpg 600w, https:\/\/contraluzcucuta.co\/wp-content\/uploads\/2022\/02\/FRANCISCO-VARELA-3.jpg 720w\" sizes=\"auto, (max-width: 300px) 100vw, 300px\" \/><\/a><\/p>\n<p><strong>\u00bfCu\u00e1l es su pasatiempo favorito? <\/strong><\/p>\n<p>Leer y escribir.<\/p>\n<p><strong>\u00bfCu\u00e1l es su rasgo m\u00e1s caracter\u00edstico? <\/strong><\/p>\n<p>El genio.<\/p>\n<p><strong>\u00bfQu\u00e9 es lo que m\u00e1s valora en sus amigos? <\/strong><\/p>\n<p>La lealtad.<\/p>\n<p><strong>\u00bfCu\u00e1l es la cualidad que m\u00e1s le gusta en un hombre? <\/strong><\/p>\n<p>La sinceridad.<\/p>\n<p><strong>\u00bfCu\u00e1l es la cualidad que m\u00e1s le gusta en una mujer? <\/strong><\/p>\n<p>La belleza.<\/p>\n<p><strong>\u00bfQui\u00e9nes son sus escritores favoritos? <\/strong><\/p>\n<p>Gabriel Garc\u00eda M\u00e1rquez.<\/p>\n<p><strong>\u00bfCu\u00e1l es su h\u00e9roe de ficci\u00f3n favorito? <\/strong><\/p>\n<p>Superman.<\/p>\n<p><strong>\u00bfQui\u00e9nes son sus h\u00e9roes en la vida real? <\/strong><\/p>\n<p>Toda mi familia.<\/p>\n<p><strong>\u00bfCu\u00e1les son sus nombres favoritos? <\/strong><\/p>\n<p>Juan Pablo.<\/p>\n<p><strong>\u00bfQu\u00e9 es lo que m\u00e1s detesta? <\/strong><\/p>\n<p>Que no me entiendan.<\/p>\n<p><strong>\u00bfC\u00f3mo le gustar\u00eda morir? <\/strong><\/p>\n<p>Como quiera Dios.<\/p>\n<p><strong>\u00bfCu\u00e1l es su lema? <\/strong><\/p>\n<p>Luchar para seguir viviendo.<\/p>\n<p><strong>ALEJANDRA RESTREPO<\/strong><\/p>\n","protected":false},"excerpt":{"rendered":"<p>C\u00daCUTA.- Francisco Varela parti\u00f3 de este mundo luego de haber vivido bien sus a\u00f1os como economista, docente universitario y periodista. Disfrut\u00f3 lo que hizo y dej\u00f3 gratos recuerdos entre quienes lo frecuentaban. Su lema cotidiano era \u201cluchar para seguir viviendo\u201d. Hoy, dej\u00f3 de luchar y, por consiguiente, de vivir. Esta entrevista la concedi\u00f3 a la &hellip;<\/p>\n","protected":false},"author":1,"featured_media":37674,"comment_status":"open","ping_status":"open","sticky":false,"template":"","format":"standard","meta":{"footnotes":""},"categories":[45,4,1967],"tags":[5386,1948,1885],"class_list":["post-37673","post","type-post","status-publish","format-standard","has-post-thumbnail","hentry","category-destacado","category-barra","category-necrologias","tag-francisco-varela","tag-necrologias-cucutenas","tag-periodistas-cucutenos"],"_links":{"self":[{"href":"https:\/\/contraluzcucuta.co\/index.php?rest_route=\/wp\/v2\/posts\/37673","targetHints":{"allow":["GET"]}}],"collection":[{"href":"https:\/\/contraluzcucuta.co\/index.php?rest_route=\/wp\/v2\/posts"}],"about":[{"href":"https:\/\/contraluzcucuta.co\/index.php?rest_route=\/wp\/v2\/types\/post"}],"author":[{"embeddable":true,"href":"https:\/\/contraluzcucuta.co\/index.php?rest_route=\/wp\/v2\/users\/1"}],"replies":[{"embeddable":true,"href":"https:\/\/contraluzcucuta.co\/index.php?rest_route=%2Fwp%2Fv2%2Fcomments&post=37673"}],"version-history":[{"count":1,"href":"https:\/\/contraluzcucuta.co\/index.php?rest_route=\/wp\/v2\/posts\/37673\/revisions"}],"predecessor-version":[{"id":37678,"href":"https:\/\/contraluzcucuta.co\/index.php?rest_route=\/wp\/v2\/posts\/37673\/revisions\/37678"}],"wp:featuredmedia":[{"embeddable":true,"href":"https:\/\/contraluzcucuta.co\/index.php?rest_route=\/wp\/v2\/media\/37674"}],"wp:attachment":[{"href":"https:\/\/contraluzcucuta.co\/index.php?rest_route=%2Fwp%2Fv2%2Fmedia&parent=37673"}],"wp:term":[{"taxonomy":"category","embeddable":true,"href":"https:\/\/contraluzcucuta.co\/index.php?rest_route=%2Fwp%2Fv2%2Fcategories&post=37673"},{"taxonomy":"post_tag","embeddable":true,"href":"https:\/\/contraluzcucuta.co\/index.php?rest_route=%2Fwp%2Fv2%2Ftags&post=37673"}],"curies":[{"name":"wp","href":"https:\/\/api.w.org\/{rel}","templated":true}]}}