{"id":37669,"date":"2022-02-17T18:47:23","date_gmt":"2022-02-17T23:47:23","guid":{"rendered":"http:\/\/contraluzcucuta.co\/?p=37669"},"modified":"2022-02-17T18:47:23","modified_gmt":"2022-02-17T23:47:23","slug":"nuevo-obispo-de-tibu-los-odios-y-los-rencores-hacen-que-vivamos-profundamente-divididos","status":"publish","type":"post","link":"https:\/\/contraluzcucuta.co\/?p=37669","title":{"rendered":"NUEVO OBISPO DE TIB\u00da. \u201cLos odios y los rencores hacen que vivamos profundamente divididos\u201d"},"content":{"rendered":"<p style=\"padding-left: 40px; text-align: right;\"><strong><span style=\"color: #ff9900;\">TIB\u00da \u2013 Norte de Santander.- El papa Francisco dirigi\u00f3 sus pensamientos y su coraz\u00f3n a la comunidad de Tib\u00fa, cuya vida diocesana estaba sin pastor designado. Desde diciembre del 2020, estuvo bajo la administraci\u00f3n apost\u00f3lica de monse\u00f1or Jorge Alberto Ossa, arzobispo de la Provincia de Nueva Pamplona.<\/span><\/strong><\/p>\n<p>El 5 de noviembre de 2021, mediante bula papal, se dio a conocer que por \u201cconsejo de la Congregaci\u00f3n para los Obispos, y habiendo sopesado debidamente el asunto\u201d, el Papa nombr\u00f3 Obispo de la Di\u00f3cesis de Tib\u00fa al sacerdote Israel Bravo Cort\u00e9s, quien recibi\u00f3 la ordenaci\u00f3n episcopal el 5 de octubre.<\/p>\n<p>El Sumo Pont\u00edfice le se\u00f1al\u00f3 en sus letras apost\u00f3licas: \u201cte exhortamos a que apacientes con sumo cuidado el redil del Se\u00f1or, alimentando con sana doctrina a los fieles confiados a tu cuidado\u201d. A este mandato se le dio lectura y cumplimiento el 12 de febrero. Acompa\u00f1ado por el pueblo de Dios que peregrina en Tib\u00fa y parte de la familia en Cristo de la Di\u00f3cesis de C\u00facuta, Bravo Cort\u00e9s tom\u00f3 posesi\u00f3n can\u00f3nica en la iglesia madre de esa comunidad del Catatumbo.<\/p>\n<p>En la Catedral de San Luis Bertr\u00e1n (Tib\u00fa) se celebr\u00f3 la solemne Eucarist\u00eda de posesi\u00f3n, presidida por monse\u00f1or Ossa Soto. Al cumplirse el rito, monse\u00f1or Israel Bravo expres\u00f3 agradecimiento a los presentes, teniendo en cuenta tantos miedos y dificultades que enfrenta el municipio.<\/p>\n<figure id=\"attachment_37671\" aria-describedby=\"caption-attachment-37671\" style=\"width: 300px\" class=\"wp-caption alignleft\"><a href=\"https:\/\/contraluzcucuta.co\/wp-content\/uploads\/2022\/02\/MONSE\u00d1OR-ISRAEL-BRAVO-3.png\"><img loading=\"lazy\" decoding=\"async\" class=\"size-medium wp-image-37671\" src=\"https:\/\/contraluzcucuta.co\/wp-content\/uploads\/2022\/02\/MONSE\u00d1OR-ISRAEL-BRAVO-3-300x200.png\" alt=\"\" width=\"300\" height=\"200\" srcset=\"https:\/\/contraluzcucuta.co\/wp-content\/uploads\/2022\/02\/MONSE\u00d1OR-ISRAEL-BRAVO-3-300x200.png 300w, https:\/\/contraluzcucuta.co\/wp-content\/uploads\/2022\/02\/MONSE\u00d1OR-ISRAEL-BRAVO-3-600x400.png 600w, https:\/\/contraluzcucuta.co\/wp-content\/uploads\/2022\/02\/MONSE\u00d1OR-ISRAEL-BRAVO-3-1024x682.png 1024w, https:\/\/contraluzcucuta.co\/wp-content\/uploads\/2022\/02\/MONSE\u00d1OR-ISRAEL-BRAVO-3-768x512.png 768w, https:\/\/contraluzcucuta.co\/wp-content\/uploads\/2022\/02\/MONSE\u00d1OR-ISRAEL-BRAVO-3.png 1280w\" sizes=\"auto, (max-width: 300px) 100vw, 300px\" \/><\/a><figcaption id=\"caption-attachment-37671\" class=\"wp-caption-text\">De izquierda a derecha: Monse\u00f1or Luis Ram\u00edrez, Obispo de Oca\u00f1a; monse\u00f1or Jorge G\u00f3mez, Obispo em\u00e9rito de Magangu\u00e9; monse\u00f1or Israel Bravo, Obispo de Tib\u00fa; monse\u00f1or Jorge Ossa, Arzobispo de Pamplona; monse\u00f1or Jos\u00e9 Garc\u00e9s, Obispo de C\u00facuta, y monse\u00f1or Nicol\u00e1s Nava, Obispo de Machiques (Venezuela).<\/figcaption><\/figure>\n<p>\u201cLos odios y rencores hacen que vivamos profundamente divididos\u2026 en nuestras familias y comunidades\u201d, tantas realidades que \u201cnos hacen construir dioses\u201d y alabar los intereses propios, la guerra, creyendo que eso \u201cnos va a salvar\u201d.<\/p>\n<p>El Obispo de Tib\u00fa explic\u00f3 que creer en Jesucristo, es creer que es posible vivir en paz, dialogar y ayudarse entre hermanos. De esa manera anim\u00f3 a su nueva comunidad a tener presente que Jes\u00fas siente compasi\u00f3n de su pueblo.<\/p>\n<p>\u201cVenir a El Catatumbo es una expresi\u00f3n del amor de Dios\u2026 y vengo a compartirlo\u2026 Le pido al Se\u00f1or nos ayude a sentir compasi\u00f3n de los hermanos\u201d, manifest\u00f3.<\/p>\n<p><strong>Biograf\u00eda Monse\u00f1or Israel Bravo Cort\u00e9s<\/strong><\/p>\n<p>El 4 de junio de 1971, naci\u00f3 en El Espinal (Tolima). Hijo de Ligia Cort\u00e9s y Jos\u00e9 Donato Bravo, quienes tuvieron 10 hijos, de los cuales solo viven cinco (dos mujeres y tres varones). Monse\u00f1or Israel es el cuarto en la lista).<\/p>\n<p>A los tres a\u00f1os, la familia se traslad\u00f3 a Norte de Santander en busca de mejores oportunidades de vida. Jos\u00e9 Donato trabaj\u00f3 en agricultura en los corregimientos Agua Clara, Puerto Santander, La Floresta y Buena Esperanza. Logr\u00f3 comprar una parcela de dos hect\u00e1reas, que se convirti\u00f3 en el sustento de los Bravo Cort\u00e9s durante tres d\u00e9cadas.<\/p>\n<p>Estudi\u00f3 filosof\u00eda y teolog\u00eda en el Seminario Mayor San Jos\u00e9 de C\u00facuta (1989-1997); licenciatura en Teolog\u00eda en la Pontificia Universidad Javeriana (Bogot\u00e1), y licenciatura en Filosof\u00eda con especializaci\u00f3n en Comunicaci\u00f3n Social en la Pontificia Universidad Gregoriana (Roma).<\/p>\n","protected":false},"excerpt":{"rendered":"<p>TIB\u00da \u2013 Norte de Santander.- El papa Francisco dirigi\u00f3 sus pensamientos y su coraz\u00f3n a la comunidad de Tib\u00fa, cuya vida diocesana estaba sin pastor designado. Desde diciembre del 2020, estuvo bajo la administraci\u00f3n apost\u00f3lica de monse\u00f1or Jorge Alberto Ossa, arzobispo de la Provincia de Nueva Pamplona. El 5 de noviembre de 2021, mediante bula &hellip;<\/p>\n","protected":false},"author":1,"featured_media":37670,"comment_status":"open","ping_status":"open","sticky":false,"template":"","format":"standard","meta":{"footnotes":""},"categories":[4,36],"tags":[8,5289,5290,5385,473],"class_list":["post-37669","post","type-post","status-publish","format-standard","has-post-thumbnail","hentry","category-barra","category-la-voz-del-pueblo","tag-diocesis-de-cucuta","tag-diocesis-de-tibu","tag-monsenor-israel-bravo","tag-monsenor-jose-garces","tag-obispo-de-tibu"],"_links":{"self":[{"href":"https:\/\/contraluzcucuta.co\/index.php?rest_route=\/wp\/v2\/posts\/37669","targetHints":{"allow":["GET"]}}],"collection":[{"href":"https:\/\/contraluzcucuta.co\/index.php?rest_route=\/wp\/v2\/posts"}],"about":[{"href":"https:\/\/contraluzcucuta.co\/index.php?rest_route=\/wp\/v2\/types\/post"}],"author":[{"embeddable":true,"href":"https:\/\/contraluzcucuta.co\/index.php?rest_route=\/wp\/v2\/users\/1"}],"replies":[{"embeddable":true,"href":"https:\/\/contraluzcucuta.co\/index.php?rest_route=%2Fwp%2Fv2%2Fcomments&post=37669"}],"version-history":[{"count":1,"href":"https:\/\/contraluzcucuta.co\/index.php?rest_route=\/wp\/v2\/posts\/37669\/revisions"}],"predecessor-version":[{"id":37672,"href":"https:\/\/contraluzcucuta.co\/index.php?rest_route=\/wp\/v2\/posts\/37669\/revisions\/37672"}],"wp:featuredmedia":[{"embeddable":true,"href":"https:\/\/contraluzcucuta.co\/index.php?rest_route=\/wp\/v2\/media\/37670"}],"wp:attachment":[{"href":"https:\/\/contraluzcucuta.co\/index.php?rest_route=%2Fwp%2Fv2%2Fmedia&parent=37669"}],"wp:term":[{"taxonomy":"category","embeddable":true,"href":"https:\/\/contraluzcucuta.co\/index.php?rest_route=%2Fwp%2Fv2%2Fcategories&post=37669"},{"taxonomy":"post_tag","embeddable":true,"href":"https:\/\/contraluzcucuta.co\/index.php?rest_route=%2Fwp%2Fv2%2Ftags&post=37669"}],"curies":[{"name":"wp","href":"https:\/\/api.w.org\/{rel}","templated":true}]}}