{"id":37665,"date":"2022-02-17T18:19:31","date_gmt":"2022-02-17T23:19:31","guid":{"rendered":"http:\/\/contraluzcucuta.co\/?p=37665"},"modified":"2022-02-17T18:19:31","modified_gmt":"2022-02-17T23:19:31","slug":"el-catatumbo-personeros-trabajaran-de-la-mano-con-la-unidad-de-restitucion-de-tierras","status":"publish","type":"post","link":"https:\/\/contraluzcucuta.co\/?p=37665","title":{"rendered":"EL CATATUMBO. Personeros trabajar\u00e1n de la mano con la Unidad de Restituci\u00f3n de Tierras"},"content":{"rendered":"<p style=\"padding-left: 40px; text-align: right;\"><strong><span style=\"color: #ff9900;\">C\u00daCUTA.- La Asociaci\u00f3n de Personeros de los municipios asentados en El Catatumbo invitaron a la Unidad de Restituci\u00f3n de Tierras, Territorial Norte de Santander, a exponer la oferta institucional, detalles de la Ley 1448 de V\u00edctimas y Restituci\u00f3n de Tierras y los avances en el Registro \u00danico de Predios y Territorios Abandonados (Rupta). El objetiv de la solicitud es replicar la informaci\u00f3n a la ciudadan\u00eda.<\/span><\/strong><\/p>\n<p>Los municipios comprometidos son Teorama, Hacar\u00ed, La Playa, El Tarra, Convenci\u00f3n, Tib\u00fa, El Carmen, Oca\u00f1a y San Calixto. La URT ha iniciado, en algunos, labores de microfocalizaci\u00f3n, lo que ha significado recibir 3010 solicitudes de reclamaci\u00f3n de predios objeto de esta norma. Se han proferido 145 sentencias por parte de jueces especializados en Restituci\u00f3n de Tierras.<\/p>\n<p>El encuentro tuvo lugar en Oca\u00f1a y se profundiz\u00f3 en:<\/p>\n<p>1.- La misi\u00f3n de restituir tierras a v\u00edctimas de despojo y abandono forzado.<\/p>\n<p>2.- El avance territorial por medio de las socializaciones y el trabajo articulado para el ingreso a las zonas donde existen solicitudes de restituci\u00f3n.<\/p>\n<p>3.- Aspectos relacionados con Rupta para fortalecer el conocimiento de los personeros, garantes de la comunidad ante el Ministerio P\u00fablico.<\/p>\n<p><a href=\"https:\/\/contraluzcucuta.co\/wp-content\/uploads\/2022\/02\/RESTITUCION-DE-TIERRAS-22.jpg\"><img loading=\"lazy\" decoding=\"async\" class=\"alignnone size-medium wp-image-37667 alignleft\" src=\"https:\/\/contraluzcucuta.co\/wp-content\/uploads\/2022\/02\/RESTITUCION-DE-TIERRAS-22-300x150.jpg\" alt=\"\" width=\"300\" height=\"150\" srcset=\"https:\/\/contraluzcucuta.co\/wp-content\/uploads\/2022\/02\/RESTITUCION-DE-TIERRAS-22-300x150.jpg 300w, https:\/\/contraluzcucuta.co\/wp-content\/uploads\/2022\/02\/RESTITUCION-DE-TIERRAS-22-600x299.jpg 600w, https:\/\/contraluzcucuta.co\/wp-content\/uploads\/2022\/02\/RESTITUCION-DE-TIERRAS-22-1024x511.jpg 1024w, https:\/\/contraluzcucuta.co\/wp-content\/uploads\/2022\/02\/RESTITUCION-DE-TIERRAS-22-768x383.jpg 768w, https:\/\/contraluzcucuta.co\/wp-content\/uploads\/2022\/02\/RESTITUCION-DE-TIERRAS-22-1536x767.jpg 1536w, https:\/\/contraluzcucuta.co\/wp-content\/uploads\/2022\/02\/RESTITUCION-DE-TIERRAS-22-660x330.jpg 660w, https:\/\/contraluzcucuta.co\/wp-content\/uploads\/2022\/02\/RESTITUCION-DE-TIERRAS-22-1050x525.jpg 1050w, https:\/\/contraluzcucuta.co\/wp-content\/uploads\/2022\/02\/RESTITUCION-DE-TIERRAS-22.jpg 1599w\" sizes=\"auto, (max-width: 300px) 100vw, 300px\" \/><\/a><\/p>\n<p>El personero de Hacar\u00ed, Robeiro Mu\u00f1oz, destac\u00f3 que estos escenarios se abran para los funcionarios, con el fin de conocer los procesos administrativos y judiciales en la restituci\u00f3n.<\/p>\n<p>El director de la URTierras Territorial Norte de Santander, Leandro Ugarte, enfatiz\u00f3 en que el trabajo articulado entre las instituciones del Estado da garant\u00eda de atenci\u00f3n y reparaci\u00f3n integral a las v\u00edctimas.<\/p>\n<p>\u201cEsto implica un importante trabajo con los personeros para la ampliaci\u00f3n de declaraciones y la recepci\u00f3n de solicitudes, del cual obtendremos grandes resultados, porque son grandes aliados en pro de lograr una paz estable y duradera, en raz\u00f3n a que la restituci\u00f3n transforma vidas y cosecha reconciliaci\u00f3n\u201d, concluy\u00f3 el funcionario.<\/p>\n","protected":false},"excerpt":{"rendered":"<p>C\u00daCUTA.- La Asociaci\u00f3n de Personeros de los municipios asentados en El Catatumbo invitaron a la Unidad de Restituci\u00f3n de Tierras, Territorial Norte de Santander, a exponer la oferta institucional, detalles de la Ley 1448 de V\u00edctimas y Restituci\u00f3n de Tierras y los avances en el Registro \u00danico de Predios y Territorios Abandonados (Rupta). El objetiv &hellip;<\/p>\n","protected":false},"author":1,"featured_media":37666,"comment_status":"open","ping_status":"open","sticky":false,"template":"","format":"standard","meta":{"footnotes":""},"categories":[4,32],"tags":[1214,5216],"class_list":["post-37665","post","type-post","status-publish","format-standard","has-post-thumbnail","hentry","category-barra","category-recorrido-por-la-region","tag-restitucion-de-tierras","tag-rupta"],"_links":{"self":[{"href":"https:\/\/contraluzcucuta.co\/index.php?rest_route=\/wp\/v2\/posts\/37665","targetHints":{"allow":["GET"]}}],"collection":[{"href":"https:\/\/contraluzcucuta.co\/index.php?rest_route=\/wp\/v2\/posts"}],"about":[{"href":"https:\/\/contraluzcucuta.co\/index.php?rest_route=\/wp\/v2\/types\/post"}],"author":[{"embeddable":true,"href":"https:\/\/contraluzcucuta.co\/index.php?rest_route=\/wp\/v2\/users\/1"}],"replies":[{"embeddable":true,"href":"https:\/\/contraluzcucuta.co\/index.php?rest_route=%2Fwp%2Fv2%2Fcomments&post=37665"}],"version-history":[{"count":1,"href":"https:\/\/contraluzcucuta.co\/index.php?rest_route=\/wp\/v2\/posts\/37665\/revisions"}],"predecessor-version":[{"id":37668,"href":"https:\/\/contraluzcucuta.co\/index.php?rest_route=\/wp\/v2\/posts\/37665\/revisions\/37668"}],"wp:featuredmedia":[{"embeddable":true,"href":"https:\/\/contraluzcucuta.co\/index.php?rest_route=\/wp\/v2\/media\/37666"}],"wp:attachment":[{"href":"https:\/\/contraluzcucuta.co\/index.php?rest_route=%2Fwp%2Fv2%2Fmedia&parent=37665"}],"wp:term":[{"taxonomy":"category","embeddable":true,"href":"https:\/\/contraluzcucuta.co\/index.php?rest_route=%2Fwp%2Fv2%2Fcategories&post=37665"},{"taxonomy":"post_tag","embeddable":true,"href":"https:\/\/contraluzcucuta.co\/index.php?rest_route=%2Fwp%2Fv2%2Ftags&post=37665"}],"curies":[{"name":"wp","href":"https:\/\/api.w.org\/{rel}","templated":true}]}}