{"id":37659,"date":"2022-02-17T15:39:15","date_gmt":"2022-02-17T20:39:15","guid":{"rendered":"http:\/\/contraluzcucuta.co\/?p=37659"},"modified":"2022-02-17T15:39:15","modified_gmt":"2022-02-17T20:39:15","slug":"foros-cpc-humedales-en-norte-de-santander-una-maravilla-en-peligro","status":"publish","type":"post","link":"https:\/\/contraluzcucuta.co\/?p=37659","title":{"rendered":"FOROS CPC. Humedales en Norte de Santander. Una maravilla en peligro"},"content":{"rendered":"<p style=\"padding-left: 40px; text-align: right;\"><strong><span style=\"color: #ff9900;\">C\u00daCUTA.- Los humedales en Norte de Santander est\u00e1n en peligro. Es la advertencia que hacen las fundaciones Humedales Catatumbo y premio nacional de periodismo La Bagatela-CPC y que dio pie para organizar el foro que se cumplir\u00e1 este viernes. La actividad comenzar\u00e1 a las 8:00 de la ma\u00f1ana, en la biblioteca Julio P\u00e9rez Ferrero.<\/span><\/strong><\/p>\n<p>La apertura estar\u00e1 a cargo de Cicer\u00f3n Fl\u00f3rez y el primer tema, Colombia anfibia, correr\u00e1 por cuenta del bi\u00f3logo Ronald Antonio Ayazo, experto en ecosistemas de humedales e investigador adjunto del instituto Von Humboldt.<\/p>\n<p>La programaci\u00f3n prevista es la siguiente:<\/p>\n<p>9:00 am &#8211; 9:20 am<\/p>\n<p>Importancia de los humedales en la vida del planeta y del hombre. Arbel Porras Pab\u00f3n, ingeniero agroforestal, conocedor de los humedales alto andinos y fluviales de la cuenca del r\u00edo Catatumbo y coordinador del documento \u00c1rboles del Catatumbo, compendio de m\u00e1s de 250 \u00e1rboles nativos.<\/p>\n<p>9:20 am &#8211; 9:50 am<\/p>\n<p>Inventario y acciones antr\u00f3picas en los humedales de Norte de Santander. Luisa Figueredo Sarmiento, ingeniera de producci\u00f3n biotecnol\u00f3gica y directora de la Fundaci\u00f3n Humedades del Catatumbo.<\/p>\n<p>9:50 am &#8211; 10:10 am<\/p>\n<p>Normatividad ambiental en Colombia para los humedales. \u00c1ngel Andrey Eder Boh\u00f3rquez, ingeniero ambiental y subsecretario Municipal de Medio Ambiente.<\/p>\n<p>10:10 am &#8211; 10:30 am<\/p>\n<p>Recursos y acciones gubernamentales para los humedales. Sandra G\u00f3mez Pe\u00f1aranda, ingeniera de producci\u00f3n biotecnol\u00f3gica y subdirectora de recursos naturales en Corponor.<\/p>\n<p>10:30 am &#8211; 10:50 am<\/p>\n<p>Vivencias de las comunidades en la conservaci\u00f3n y protecci\u00f3n de los humedales. An\u00edbal Castillo, residente en la zona de El Catatumbo y presidente Asojuntas San Mart\u00edn de Loba (Sardinata).<\/p>\n","protected":false},"excerpt":{"rendered":"<p>C\u00daCUTA.- Los humedales en Norte de Santander est\u00e1n en peligro. Es la advertencia que hacen las fundaciones Humedales Catatumbo y premio nacional de periodismo La Bagatela-CPC y que dio pie para organizar el foro que se cumplir\u00e1 este viernes. La actividad comenzar\u00e1 a las 8:00 de la ma\u00f1ana, en la biblioteca Julio P\u00e9rez Ferrero. La &hellip;<\/p>\n","protected":false},"author":1,"featured_media":37660,"comment_status":"open","ping_status":"open","sticky":false,"template":"","format":"standard","meta":{"footnotes":""},"categories":[4,347,6],"tags":[5298,5384],"class_list":["post-37659","post","type-post","status-publish","format-standard","has-post-thumbnail","hentry","category-barra","category-medio-ambiente","category-ojo-avizor","tag-conversatorios-cpc","tag-humedales-en-norte-de-santander"],"_links":{"self":[{"href":"https:\/\/contraluzcucuta.co\/index.php?rest_route=\/wp\/v2\/posts\/37659","targetHints":{"allow":["GET"]}}],"collection":[{"href":"https:\/\/contraluzcucuta.co\/index.php?rest_route=\/wp\/v2\/posts"}],"about":[{"href":"https:\/\/contraluzcucuta.co\/index.php?rest_route=\/wp\/v2\/types\/post"}],"author":[{"embeddable":true,"href":"https:\/\/contraluzcucuta.co\/index.php?rest_route=\/wp\/v2\/users\/1"}],"replies":[{"embeddable":true,"href":"https:\/\/contraluzcucuta.co\/index.php?rest_route=%2Fwp%2Fv2%2Fcomments&post=37659"}],"version-history":[{"count":1,"href":"https:\/\/contraluzcucuta.co\/index.php?rest_route=\/wp\/v2\/posts\/37659\/revisions"}],"predecessor-version":[{"id":37661,"href":"https:\/\/contraluzcucuta.co\/index.php?rest_route=\/wp\/v2\/posts\/37659\/revisions\/37661"}],"wp:featuredmedia":[{"embeddable":true,"href":"https:\/\/contraluzcucuta.co\/index.php?rest_route=\/wp\/v2\/media\/37660"}],"wp:attachment":[{"href":"https:\/\/contraluzcucuta.co\/index.php?rest_route=%2Fwp%2Fv2%2Fmedia&parent=37659"}],"wp:term":[{"taxonomy":"category","embeddable":true,"href":"https:\/\/contraluzcucuta.co\/index.php?rest_route=%2Fwp%2Fv2%2Fcategories&post=37659"},{"taxonomy":"post_tag","embeddable":true,"href":"https:\/\/contraluzcucuta.co\/index.php?rest_route=%2Fwp%2Fv2%2Ftags&post=37659"}],"curies":[{"name":"wp","href":"https:\/\/api.w.org\/{rel}","templated":true}]}}