{"id":37655,"date":"2022-02-17T06:29:48","date_gmt":"2022-02-17T11:29:48","guid":{"rendered":"http:\/\/contraluzcucuta.co\/?p=37655"},"modified":"2022-02-17T06:29:48","modified_gmt":"2022-02-17T11:29:48","slug":"congreso-acord-ladrones-de-noticias-burbujas-y-mentiras","status":"publish","type":"post","link":"https:\/\/contraluzcucuta.co\/?p=37655","title":{"rendered":"CONGRESO ACORD. \u00a0\u2018Ladrones de noticias, burbujas y mentiras\u2019"},"content":{"rendered":"<p style=\"padding-left: 40px; text-align: right;\"><strong><span style=\"color: #ff9900;\">C\u00daCUTA \u2013 PRENSA ACORD.- Profundas reflexiones sobre el quehacer del periodismo deportivo plasmaron expertos en la materia ante estudiantes, dirigentes y l\u00edderes de la Asociaci\u00f3n Colombiana de Periodistas Deportivos (Acord) en la apertura del Congreso Nacional de la agremiaci\u00f3n, que se re\u00fane en C\u00facuta, Villa del Rosario y Chin\u00e1cota.<\/span><\/strong><\/p>\n<p>Delegados de las regionales de Acord, encabezados por las juntas directivas nacional y regional Norte de Santander concurrieron a la primera cita del organismo en 2022.<\/p>\n<p>Los prop\u00f3sitos centrales del congreso, organizado por Acord Norte de Santander son:<\/p>\n<p>1.- Llevar a cabo la asamblea extraordinaria para reformar los estatutos de Acord.<\/p>\n<p>2.- Efectuar el seminario de actualizaci\u00f3n en materia period\u00edstica.<\/p>\n<p>La primera sesi\u00f3n dej\u00f3 ense\u00f1anzas a directivos, asociados y nuevas generaciones que emprenden el camino del periodismo deportivo<\/p>\n<p><a href=\"https:\/\/contraluzcucuta.co\/wp-content\/uploads\/2022\/02\/CONGRESO-ACORD-1-1.jpg\"><img loading=\"lazy\" decoding=\"async\" class=\"alignnone size-medium wp-image-37654 alignleft\" src=\"https:\/\/contraluzcucuta.co\/wp-content\/uploads\/2022\/02\/CONGRESO-ACORD-1-1-300x172.jpg\" alt=\"\" width=\"300\" height=\"172\" srcset=\"https:\/\/contraluzcucuta.co\/wp-content\/uploads\/2022\/02\/CONGRESO-ACORD-1-1-300x172.jpg 300w, https:\/\/contraluzcucuta.co\/wp-content\/uploads\/2022\/02\/CONGRESO-ACORD-1-1-600x344.jpg 600w, https:\/\/contraluzcucuta.co\/wp-content\/uploads\/2022\/02\/CONGRESO-ACORD-1-1.jpg 750w\" sizes=\"auto, (max-width: 300px) 100vw, 300px\" \/><\/a><\/p>\n<p>La sesi\u00f3n acad\u00e9mica la abri\u00f3 el comentarista Esteban Jaramillo, con la exposici\u00f3n \u2018Ladrones de noticias, burbujas y mentiras\u2019. Dej\u00f3 en el ambiente serios interrogantes sobre el papel del periodismo que inclina notas y comentarios alrededor del mercadeo, la comercializaci\u00f3n y la opulencia de algunos deportes, y deja de lado las historias y el desempe\u00f1o de h\u00e9roes en otras disciplinas, que sin aureola son figuras del mundo y con humildad tejen victorias y reciben honores.<\/p>\n<p>Ansiosos por conocer en detalle la historia reciente de lo sucedido con el C\u00facuta Deportivo, los periodistas escucharon con atenci\u00f3n al director del Instituto Municipal de Deportes, Oscar Montes, quien respondi\u00f3 inquietudes y perfil\u00f3 parte del futuro para el club rojinegro.<\/p>\n<p>En una c\u00e1tedra sobre los g\u00e9neros del periodismo, enmarcada en la presentaci\u00f3n del libro \u2018Relatos m\u00e1s all\u00e1 del ring\u2019, Estewil Quesada profundiz\u00f3 en la manera de hacer periodismo de alta calidad en tiempos actuales.<\/p>\n<p>Las ense\u00f1anzas del estudioso del f\u00fatbol Guillermo Ruiz se compartieron en el ameno di\u00e1logo sobre la historia del balompi\u00e9, matizado con an\u00e9cdotas y estad\u00edsticas en el mundo.<\/p>\n<p><a href=\"https:\/\/contraluzcucuta.co\/wp-content\/uploads\/2022\/02\/CONGRESO-ACORD-2.jpg\"><img loading=\"lazy\" decoding=\"async\" class=\"alignnone size-medium wp-image-37656 alignleft\" src=\"https:\/\/contraluzcucuta.co\/wp-content\/uploads\/2022\/02\/CONGRESO-ACORD-2-300x172.jpg\" alt=\"\" width=\"300\" height=\"172\" srcset=\"https:\/\/contraluzcucuta.co\/wp-content\/uploads\/2022\/02\/CONGRESO-ACORD-2-300x172.jpg 300w, https:\/\/contraluzcucuta.co\/wp-content\/uploads\/2022\/02\/CONGRESO-ACORD-2-600x344.jpg 600w, https:\/\/contraluzcucuta.co\/wp-content\/uploads\/2022\/02\/CONGRESO-ACORD-2.jpg 750w\" sizes=\"auto, (max-width: 300px) 100vw, 300px\" \/><\/a><\/p>\n<p>El papel del periodismo colombiano en la actualidad frente a los nuevos retos en la era digital y en los cambios sustanciales en la manera de informar, provocados por la pandemia, condujeron al presidente de Acord Antioquia y catedr\u00e1tico Freddy Pulgar\u00edn a dejar muchos temas de an\u00e1lisis y reflexi\u00f3n para el futuro de la profesi\u00f3n, enfatizando en la investigaci\u00f3n, el trabajo conjunto, la innovaci\u00f3n, la profundidad en las historias, entre otros.<\/p>\n<p>El abogado Arnulfo S\u00e1nchez record\u00f3 la importancia de conocer los aspectos relevantes de la legislaci\u00f3n, de necesario conocimiento por parte de los periodistas.<\/p>\n<p>El Congreso Acord contin\u00faa con actos acad\u00e9micos, sociales y culturales hoy, destac\u00e1ndose la presentaci\u00f3n del Libro \u2018Relatos m\u00e1s all\u00e1 del Ring\u2019, la entrega de los premios AIPS \u2018Abelardo Raidi\u2019, al periodista Guillermo Ruiz y al mejor centro de prensa que recay\u00f3 en el del mundial de patinaje que tuvo lugar en Ibagu\u00e9.<\/p>\n<p>La programaci\u00f3n cerrar\u00e1 el viernes con la Asamblea extraordinaria de Acord para la reforma de estatutos.<\/p>\n","protected":false},"excerpt":{"rendered":"<p>C\u00daCUTA \u2013 PRENSA ACORD.- Profundas reflexiones sobre el quehacer del periodismo deportivo plasmaron expertos en la materia ante estudiantes, dirigentes y l\u00edderes de la Asociaci\u00f3n Colombiana de Periodistas Deportivos (Acord) en la apertura del Congreso Nacional de la agremiaci\u00f3n, que se re\u00fane en C\u00facuta, Villa del Rosario y Chin\u00e1cota. Delegados de las regionales de Acord, &hellip;<\/p>\n","protected":false},"author":1,"featured_media":37657,"comment_status":"open","ping_status":"open","sticky":false,"template":"","format":"standard","meta":{"footnotes":""},"categories":[4,28],"tags":[910,1244],"class_list":["post-37655","post","type-post","status-publish","format-standard","has-post-thumbnail","hentry","category-barra","category-vistazo-deportivo","tag-acord-colombia","tag-acord-norte-de-santander"],"_links":{"self":[{"href":"https:\/\/contraluzcucuta.co\/index.php?rest_route=\/wp\/v2\/posts\/37655","targetHints":{"allow":["GET"]}}],"collection":[{"href":"https:\/\/contraluzcucuta.co\/index.php?rest_route=\/wp\/v2\/posts"}],"about":[{"href":"https:\/\/contraluzcucuta.co\/index.php?rest_route=\/wp\/v2\/types\/post"}],"author":[{"embeddable":true,"href":"https:\/\/contraluzcucuta.co\/index.php?rest_route=\/wp\/v2\/users\/1"}],"replies":[{"embeddable":true,"href":"https:\/\/contraluzcucuta.co\/index.php?rest_route=%2Fwp%2Fv2%2Fcomments&post=37655"}],"version-history":[{"count":1,"href":"https:\/\/contraluzcucuta.co\/index.php?rest_route=\/wp\/v2\/posts\/37655\/revisions"}],"predecessor-version":[{"id":37658,"href":"https:\/\/contraluzcucuta.co\/index.php?rest_route=\/wp\/v2\/posts\/37655\/revisions\/37658"}],"wp:featuredmedia":[{"embeddable":true,"href":"https:\/\/contraluzcucuta.co\/index.php?rest_route=\/wp\/v2\/media\/37657"}],"wp:attachment":[{"href":"https:\/\/contraluzcucuta.co\/index.php?rest_route=%2Fwp%2Fv2%2Fmedia&parent=37655"}],"wp:term":[{"taxonomy":"category","embeddable":true,"href":"https:\/\/contraluzcucuta.co\/index.php?rest_route=%2Fwp%2Fv2%2Fcategories&post=37655"},{"taxonomy":"post_tag","embeddable":true,"href":"https:\/\/contraluzcucuta.co\/index.php?rest_route=%2Fwp%2Fv2%2Ftags&post=37655"}],"curies":[{"name":"wp","href":"https:\/\/api.w.org\/{rel}","templated":true}]}}