{"id":37646,"date":"2022-02-13T21:02:19","date_gmt":"2022-02-14T02:02:19","guid":{"rendered":"http:\/\/contraluzcucuta.co\/?p=37646"},"modified":"2022-02-13T21:02:19","modified_gmt":"2022-02-14T02:02:19","slug":"dia-del-periodista-cpc-organiza-charla-sobre-emprendimientos-digitales-exitosos","status":"publish","type":"post","link":"https:\/\/contraluzcucuta.co\/?p=37646","title":{"rendered":"D\u00cdA DEL PERIODISTA. CPC organiza charla sobre Emprendimientos Digitales Exitosos"},"content":{"rendered":"<p style=\"padding-left: 40px; text-align: right;\"><strong><span style=\"color: #ff9900;\">C\u00daCUTA.- Emprendimientos Digitales en Comunicaciones ser\u00e1 el tema que se expondr\u00e1, este 15 de febrero, en la Biblioteca P\u00fablica Julio P\u00e9rez Ferrero, con ocasi\u00f3n de la celebraci\u00f3n del D\u00eda Nacional del Periodista. La jornada acad\u00e9mica es organizada por la junta directiva del C\u00edrculo de Periodistas y Comunicadores de Norte de Santander (CPC).<\/span><\/strong><\/p>\n<p>Los conferenciantes ser\u00e1n:<\/p>\n<ol>\n<li style=\"text-align: left;\"><strong> Luz Marina Gamarra Barrios.<\/strong> Comunicadora social y periodista, especializada en periodismo econ\u00f3mico, con amplio conocimiento en la conceptualizaci\u00f3n, dise\u00f1o y desarrollo de estrat<a href=\"https:\/\/contraluzcucuta.co\/wp-content\/uploads\/2022\/02\/LUZ-MARINA-GAMARRA-1.jpg\"><img loading=\"lazy\" decoding=\"async\" class=\"alignnone size-medium wp-image-37648\" src=\"https:\/\/contraluzcucuta.co\/wp-content\/uploads\/2022\/02\/LUZ-MARINA-GAMARRA-1-300x263.jpg\" alt=\"\" width=\"300\" height=\"263\" srcset=\"https:\/\/contraluzcucuta.co\/wp-content\/uploads\/2022\/02\/LUZ-MARINA-GAMARRA-1-300x263.jpg 300w, https:\/\/contraluzcucuta.co\/wp-content\/uploads\/2022\/02\/LUZ-MARINA-GAMARRA-1-600x527.jpg 600w, https:\/\/contraluzcucuta.co\/wp-content\/uploads\/2022\/02\/LUZ-MARINA-GAMARRA-1.jpg 640w\" sizes=\"auto, (max-width: 300px) 100vw, 300px\" \/><\/a>egias integrales de comunicaci\u00f3n y publicidad; manejo de cuentas y direcci\u00f3n de proyectos; desarrollo y seguimiento de campa\u00f1as; relaciones p\u00fablicas y manejo de crisis con medios de comunicaci\u00f3n, organizaci\u00f3n de eventos BTL presenciales y virtuales y generaci\u00f3n y coordinaci\u00f3n de estrategias digitales. Tiene 20 a\u00f1os de experiencia como empresaria de la comunicaci\u00f3n en la ciudad de Bogot\u00e1.<\/li>\n<li><a href=\"https:\/\/contraluzcucuta.co\/wp-content\/uploads\/2022\/02\/LISANDRO-COBOS-1.jpg\"><img loading=\"lazy\" decoding=\"async\" class=\"alignnone size-medium wp-image-37649 alignleft\" src=\"https:\/\/contraluzcucuta.co\/wp-content\/uploads\/2022\/02\/LISANDRO-COBOS-1-300x300.jpg\" alt=\"\" width=\"300\" height=\"300\" srcset=\"https:\/\/contraluzcucuta.co\/wp-content\/uploads\/2022\/02\/LISANDRO-COBOS-1-300x300.jpg 300w, https:\/\/contraluzcucuta.co\/wp-content\/uploads\/2022\/02\/LISANDRO-COBOS-1-100x100.jpg 100w, https:\/\/contraluzcucuta.co\/wp-content\/uploads\/2022\/02\/LISANDRO-COBOS-1-150x150.jpg 150w, https:\/\/contraluzcucuta.co\/wp-content\/uploads\/2022\/02\/LISANDRO-COBOS-1.jpg 540w\" sizes=\"auto, (max-width: 300px) 100vw, 300px\" \/><\/a><\/li>\n<li><strong>Jos\u00e9 Lisandro Cobos S\u00e1nchez<\/strong>. Licenciado en Lengua Castellana, docente del colegio Nuestra Se\u00f1ora de las Mercedes (Sardinata). Periodista ciudadano, productor radial y coordinador de programaci\u00f3n de la emisora comunitaria Sardinata Stereo (2006-2020) y director de contenidos y productor audiovisual del canal comunitario Telesar (2014- 2017). Dirige el colectivo de comunicaciones Irradiarte Producciones, organizaci\u00f3n juvenil de producci\u00f3n multimedia y escuela de comunicaciones.<\/li>\n<li><a href=\"https:\/\/contraluzcucuta.co\/wp-content\/uploads\/2022\/02\/JOS\u00c9-G\u00c1MEZ-1.jpg\"><img loading=\"lazy\" decoding=\"async\" class=\"alignnone size-medium wp-image-37650\" src=\"https:\/\/contraluzcucuta.co\/wp-content\/uploads\/2022\/02\/JOS\u00c9-G\u00c1MEZ-1-300x280.jpg\" alt=\"\" width=\"300\" height=\"280\" srcset=\"https:\/\/contraluzcucuta.co\/wp-content\/uploads\/2022\/02\/JOS\u00c9-G\u00c1MEZ-1-300x280.jpg 300w, https:\/\/contraluzcucuta.co\/wp-content\/uploads\/2022\/02\/JOS\u00c9-G\u00c1MEZ-1-600x561.jpg 600w, https:\/\/contraluzcucuta.co\/wp-content\/uploads\/2022\/02\/JOS\u00c9-G\u00c1MEZ-1.jpg 638w\" sizes=\"auto, (max-width: 300px) 100vw, 300px\" \/><\/a><\/li>\n<li><strong>Jos\u00e9 G\u00e1mez L\u00f3pez<\/strong>. Fot\u00f3grafo profesional, experto en redes sociales y periodismo digital y profesor universitario, m\u00e1s de 40 a\u00f1os de trayectoria en prensa, radio, televisi\u00f3n y medios digitales. Creador de la Red de Prensa Colombiana, de la cual es presidente. Fundador y presidente de los Galardones Gaceta de Colombia. Ha prestado servicios en El Tiempo, El Espectador, Radio Santaf\u00e9 y Caracol.<\/li>\n<\/ol>\n","protected":false},"excerpt":{"rendered":"<p>C\u00daCUTA.- Emprendimientos Digitales en Comunicaciones ser\u00e1 el tema que se expondr\u00e1, este 15 de febrero, en la Biblioteca P\u00fablica Julio P\u00e9rez Ferrero, con ocasi\u00f3n de la celebraci\u00f3n del D\u00eda Nacional del Periodista. La jornada acad\u00e9mica es organizada por la junta directiva del C\u00edrculo de Periodistas y Comunicadores de Norte de Santander (CPC). Los conferenciantes ser\u00e1n: &hellip;<\/p>\n","protected":false},"author":1,"featured_media":37647,"comment_status":"open","ping_status":"open","sticky":false,"template":"","format":"standard","meta":{"footnotes":""},"categories":[4,37],"tags":[5298,2042,1885],"class_list":["post-37646","post","type-post","status-publish","format-standard","has-post-thumbnail","hentry","category-barra","category-paseo-cultural","tag-conversatorios-cpc","tag-dia-del-periodista-en-colombia","tag-periodistas-cucutenos"],"_links":{"self":[{"href":"https:\/\/contraluzcucuta.co\/index.php?rest_route=\/wp\/v2\/posts\/37646","targetHints":{"allow":["GET"]}}],"collection":[{"href":"https:\/\/contraluzcucuta.co\/index.php?rest_route=\/wp\/v2\/posts"}],"about":[{"href":"https:\/\/contraluzcucuta.co\/index.php?rest_route=\/wp\/v2\/types\/post"}],"author":[{"embeddable":true,"href":"https:\/\/contraluzcucuta.co\/index.php?rest_route=\/wp\/v2\/users\/1"}],"replies":[{"embeddable":true,"href":"https:\/\/contraluzcucuta.co\/index.php?rest_route=%2Fwp%2Fv2%2Fcomments&post=37646"}],"version-history":[{"count":1,"href":"https:\/\/contraluzcucuta.co\/index.php?rest_route=\/wp\/v2\/posts\/37646\/revisions"}],"predecessor-version":[{"id":37651,"href":"https:\/\/contraluzcucuta.co\/index.php?rest_route=\/wp\/v2\/posts\/37646\/revisions\/37651"}],"wp:featuredmedia":[{"embeddable":true,"href":"https:\/\/contraluzcucuta.co\/index.php?rest_route=\/wp\/v2\/media\/37647"}],"wp:attachment":[{"href":"https:\/\/contraluzcucuta.co\/index.php?rest_route=%2Fwp%2Fv2%2Fmedia&parent=37646"}],"wp:term":[{"taxonomy":"category","embeddable":true,"href":"https:\/\/contraluzcucuta.co\/index.php?rest_route=%2Fwp%2Fv2%2Fcategories&post=37646"},{"taxonomy":"post_tag","embeddable":true,"href":"https:\/\/contraluzcucuta.co\/index.php?rest_route=%2Fwp%2Fv2%2Ftags&post=37646"}],"curies":[{"name":"wp","href":"https:\/\/api.w.org\/{rel}","templated":true}]}}