{"id":37642,"date":"2022-02-13T20:33:17","date_gmt":"2022-02-14T01:33:17","guid":{"rendered":"http:\/\/contraluzcucuta.co\/?p=37642"},"modified":"2022-02-13T20:34:26","modified_gmt":"2022-02-14T01:34:26","slug":"fiebre-aftosa-vacunacion-adicional-en-zonas-de-frontera-con-venezuela","status":"publish","type":"post","link":"https:\/\/contraluzcucuta.co\/?p=37642","title":{"rendered":"FIEBRE AFTOSA. Vacunaci\u00f3n adicional en zonas de frontera con Venezuela"},"content":{"rendered":"<p style=\"padding-left: 40px; text-align: right;\"><strong><span style=\"color: #ff9900;\">BOGOT\u00c1.- Norte de Santander ser\u00e1 uno de los departamentos donde se lleve a cabo la jornada de vacunaci\u00f3n contra la fiebre aftosa. El objetivo es fortalecer el estatus sanitario en las zonas lim\u00edtrofes con Venezuela. El Instituto Colombiano Agropecuario (ICA), en su condici\u00f3n de autoridad sanitaria del pa\u00eds, ha determinado la puesta en marcha del ciclo adicional, que se extender\u00e1 hasta el 15 de marzo.<\/span><\/strong><\/p>\n<p>La Guajira, Cesar, Norte de Santander, Arauca, Vichada y Cubar\u00e1 (Boyac\u00e1) ser\u00e1n los lugares donde se cumpla la actividad. El Ministerio de Agricultura y Desarrollo Rural asign\u00f3 $ 2500 millones para cofinanciar el ciclo de vacunaci\u00f3n y subsidiar la mitad del valor de la vacuna a los ganaderos de esos departamentos.<\/p>\n<p>El ministro Rodolfo Zea dijo que \u201ccon esta medida buscamos prevenir el alto riesgo de ingreso de la enfermedad que existe en las fronteras con el vecino pa\u00eds y mantener el estatus logrado durante el actual Gobierno como libres de Aftosa con vacunaci\u00f3n\u201d.<\/p>\n<p>En tal sentido, el jefe de la cartera agropecuaria invit\u00f3 a los ganaderos a participar activamente en la vacunaci\u00f3n de bovinos y bufalinos.<\/p>\n<p>El gerente general del ICA (e), Juan Fernando Roa, indic\u00f3 que \u201cdicha estrategia se llevar\u00e1 a cabo en atenci\u00f3n a la recomendaci\u00f3n de la Organizaci\u00f3n Mundial de Sanidad Animal (OIE)\u201d, entidad rectora de la salud animal\u201d.<\/p>\n<p>El prop\u00f3sito es reforzar la inmunidad de los animales contra la fiebre aftosa en la poblaci\u00f3n vulnerable de bovinos y bufalinos, con edades hasta 24 meses en zonas de frontera, como estrategia diferenciada por ser las de mayor riesgo sanitario.<\/p>\n<figure id=\"attachment_37644\" aria-describedby=\"caption-attachment-37644\" style=\"width: 300px\" class=\"wp-caption alignleft\"><a href=\"https:\/\/contraluzcucuta.co\/wp-content\/uploads\/2022\/02\/MINISTRO-DE-AGRICULTURA-RODOLFO-ZEA-1.jpg\"><img loading=\"lazy\" decoding=\"async\" class=\"size-medium wp-image-37644\" src=\"https:\/\/contraluzcucuta.co\/wp-content\/uploads\/2022\/02\/MINISTRO-DE-AGRICULTURA-RODOLFO-ZEA-1-300x153.jpg\" alt=\"\" width=\"300\" height=\"153\" srcset=\"https:\/\/contraluzcucuta.co\/wp-content\/uploads\/2022\/02\/MINISTRO-DE-AGRICULTURA-RODOLFO-ZEA-1-300x153.jpg 300w, https:\/\/contraluzcucuta.co\/wp-content\/uploads\/2022\/02\/MINISTRO-DE-AGRICULTURA-RODOLFO-ZEA-1-600x306.jpg 600w, https:\/\/contraluzcucuta.co\/wp-content\/uploads\/2022\/02\/MINISTRO-DE-AGRICULTURA-RODOLFO-ZEA-1.jpg 695w\" sizes=\"auto, (max-width: 300px) 100vw, 300px\" \/><\/a><figcaption id=\"caption-attachment-37644\" class=\"wp-caption-text\">Ministro de Agricultura, Rodolfo Zea<\/figcaption><\/figure>\n<p>Prevalece el riesgo de ingreso del virus que ocasiona la enfermedad desde el vecino pa\u00eds y que trae una alta probabilidad de infecci\u00f3n a las poblaciones susceptibles en Colombia.<\/p>\n<p>Seg\u00fan el ICA, durante el ciclo adicional el equipo ejecutor estar\u00e1 conformado por 774 personas seleccionadas por Fedegan-Fondo Nacional del Ganado (FNG), gremio que les proporcionar\u00e1 la correspondiente y oportuna capacitaci\u00f3n: 648 vacunadores, 124 programadores y 2 digitadores.<\/p>\n<p>La campa\u00f1a de salud animal en la frontera con Venezuela se adelantar\u00e1 con los elementos de bioseguridad y dotaci\u00f3n para llevar a cabo una vacunaci\u00f3n segura para las familias ganaderas y el personal ejecutor.<\/p>\n","protected":false},"excerpt":{"rendered":"<p>BOGOT\u00c1.- Norte de Santander ser\u00e1 uno de los departamentos donde se lleve a cabo la jornada de vacunaci\u00f3n contra la fiebre aftosa. El objetivo es fortalecer el estatus sanitario en las zonas lim\u00edtrofes con Venezuela. El Instituto Colombiano Agropecuario (ICA), en su condici\u00f3n de autoridad sanitaria del pa\u00eds, ha determinado la puesta en marcha del &hellip;<\/p>\n","protected":false},"author":1,"featured_media":37643,"comment_status":"open","ping_status":"open","sticky":false,"template":"","format":"standard","meta":{"footnotes":""},"categories":[4,6],"tags":[5383,2382],"class_list":["post-37642","post","type-post","status-publish","format-standard","has-post-thumbnail","hentry","category-barra","category-ojo-avizor","tag-instituto-colombiano-agropecuario","tag-minagricultura"],"_links":{"self":[{"href":"https:\/\/contraluzcucuta.co\/index.php?rest_route=\/wp\/v2\/posts\/37642","targetHints":{"allow":["GET"]}}],"collection":[{"href":"https:\/\/contraluzcucuta.co\/index.php?rest_route=\/wp\/v2\/posts"}],"about":[{"href":"https:\/\/contraluzcucuta.co\/index.php?rest_route=\/wp\/v2\/types\/post"}],"author":[{"embeddable":true,"href":"https:\/\/contraluzcucuta.co\/index.php?rest_route=\/wp\/v2\/users\/1"}],"replies":[{"embeddable":true,"href":"https:\/\/contraluzcucuta.co\/index.php?rest_route=%2Fwp%2Fv2%2Fcomments&post=37642"}],"version-history":[{"count":1,"href":"https:\/\/contraluzcucuta.co\/index.php?rest_route=\/wp\/v2\/posts\/37642\/revisions"}],"predecessor-version":[{"id":37645,"href":"https:\/\/contraluzcucuta.co\/index.php?rest_route=\/wp\/v2\/posts\/37642\/revisions\/37645"}],"wp:featuredmedia":[{"embeddable":true,"href":"https:\/\/contraluzcucuta.co\/index.php?rest_route=\/wp\/v2\/media\/37643"}],"wp:attachment":[{"href":"https:\/\/contraluzcucuta.co\/index.php?rest_route=%2Fwp%2Fv2%2Fmedia&parent=37642"}],"wp:term":[{"taxonomy":"category","embeddable":true,"href":"https:\/\/contraluzcucuta.co\/index.php?rest_route=%2Fwp%2Fv2%2Fcategories&post=37642"},{"taxonomy":"post_tag","embeddable":true,"href":"https:\/\/contraluzcucuta.co\/index.php?rest_route=%2Fwp%2Fv2%2Ftags&post=37642"}],"curies":[{"name":"wp","href":"https:\/\/api.w.org\/{rel}","templated":true}]}}