{"id":37594,"date":"2022-02-01T10:46:20","date_gmt":"2022-02-01T15:46:20","guid":{"rendered":"http:\/\/contraluzcucuta.co\/?p=37594"},"modified":"2022-02-01T10:47:07","modified_gmt":"2022-02-01T15:47:07","slug":"musica-urbana-cucuteno-destaca-en-estados-unidos-como-productor","status":"publish","type":"post","link":"https:\/\/contraluzcucuta.co\/?p=37594","title":{"rendered":"M\u00daSICA URBANA. Cucute\u00f1o destaca en Estados Unidos como productor"},"content":{"rendered":"<p style=\"padding-left: 40px; text-align: right;\"><strong><span style=\"color: #ff9900;\">MIAMI \u2013 Estados Unidos.- La constancia, el trabajo la disciplina y el amor por la m\u00fasica han llevado a Camilo Y\u00e1\u00f1ez a codearse con grandes artistas en Estados Unidos. Nacido en Cucuta, a los 18 meses sali\u00f3 con sus padres para el exterior en busca de grandes horizontes.<\/span><\/strong><\/p>\n<p>Desde el bachillerato y la Universidad, \u2018Lux\u2019, como lo llaman en el \u00e1mbito musical de Miami, se conect\u00f3 con cantantes y productores para iniciar la carrera como productor, compositor, arreglista y manejador.<\/p>\n<p>Tras varios a\u00f1os de arduo trabajo, conoci\u00f3 a Brian Herrera, \u2018Omis\u2019, dominicano, de quien se convirti\u00f3 en manejador y hoy producen el primer video musical.<\/p>\n<p>Camilo pudo junt\u00f3 a Polima Westcoast y Julianno Sossa, artistas de amplia trayectoia en Chile con el trap, para producir \u2018<strong>Omis Top\u2019<\/strong>. Y\u00e1\u00f1ez, tambien, particip\u00f3 en el Festival Calle 8 de Miami, en el 2017.<\/p>\n<p>El v\u00eddeo se encuentra en Spotify, Apple Music, Amazon Music y Youtube.<\/p>\n<p><iframe loading=\"lazy\" title=\"Omis x Polima Westcoast x Julianno Sosa  - TOP (PROD. BY @DTENOX)\" width=\"618\" height=\"348\" src=\"https:\/\/www.youtube.com\/embed\/-nAM-HJcTN4?feature=oembed\" frameborder=\"0\" allow=\"accelerometer; autoplay; clipboard-write; encrypted-media; gyroscope; picture-in-picture; web-share\" referrerpolicy=\"strict-origin-when-cross-origin\" allowfullscreen><\/iframe><\/p>\n<p>&nbsp;<\/p>\n","protected":false},"excerpt":{"rendered":"<p>MIAMI \u2013 Estados Unidos.- La constancia, el trabajo la disciplina y el amor por la m\u00fasica han llevado a Camilo Y\u00e1\u00f1ez a codearse con grandes artistas en Estados Unidos. Nacido en Cucuta, a los 18 meses sali\u00f3 con sus padres para el exterior en busca de grandes horizontes. Desde el bachillerato y la Universidad, \u2018Lux\u2019, &hellip;<\/p>\n","protected":false},"author":1,"featured_media":37595,"comment_status":"open","ping_status":"open","sticky":false,"template":"","format":"standard","meta":{"footnotes":""},"categories":[4,37],"tags":[5370,5371,5373,4599,5372],"class_list":["post-37594","post","type-post","status-publish","format-standard","has-post-thumbnail","hentry","category-barra","category-paseo-cultural","tag-camilo-yanez","tag-musica-urbana","tag-omis-top","tag-paseo-cultural","tag-trap"],"_links":{"self":[{"href":"https:\/\/contraluzcucuta.co\/index.php?rest_route=\/wp\/v2\/posts\/37594","targetHints":{"allow":["GET"]}}],"collection":[{"href":"https:\/\/contraluzcucuta.co\/index.php?rest_route=\/wp\/v2\/posts"}],"about":[{"href":"https:\/\/contraluzcucuta.co\/index.php?rest_route=\/wp\/v2\/types\/post"}],"author":[{"embeddable":true,"href":"https:\/\/contraluzcucuta.co\/index.php?rest_route=\/wp\/v2\/users\/1"}],"replies":[{"embeddable":true,"href":"https:\/\/contraluzcucuta.co\/index.php?rest_route=%2Fwp%2Fv2%2Fcomments&post=37594"}],"version-history":[{"count":2,"href":"https:\/\/contraluzcucuta.co\/index.php?rest_route=\/wp\/v2\/posts\/37594\/revisions"}],"predecessor-version":[{"id":37597,"href":"https:\/\/contraluzcucuta.co\/index.php?rest_route=\/wp\/v2\/posts\/37594\/revisions\/37597"}],"wp:featuredmedia":[{"embeddable":true,"href":"https:\/\/contraluzcucuta.co\/index.php?rest_route=\/wp\/v2\/media\/37595"}],"wp:attachment":[{"href":"https:\/\/contraluzcucuta.co\/index.php?rest_route=%2Fwp%2Fv2%2Fmedia&parent=37594"}],"wp:term":[{"taxonomy":"category","embeddable":true,"href":"https:\/\/contraluzcucuta.co\/index.php?rest_route=%2Fwp%2Fv2%2Fcategories&post=37594"},{"taxonomy":"post_tag","embeddable":true,"href":"https:\/\/contraluzcucuta.co\/index.php?rest_route=%2Fwp%2Fv2%2Ftags&post=37594"}],"curies":[{"name":"wp","href":"https:\/\/api.w.org\/{rel}","templated":true}]}}