{"id":37590,"date":"2022-02-01T06:11:52","date_gmt":"2022-02-01T11:11:52","guid":{"rendered":"http:\/\/contraluzcucuta.co\/?p=37590"},"modified":"2022-02-01T06:11:52","modified_gmt":"2022-02-01T11:11:52","slug":"mercado-laboral-ciencias-sociales-y-administracion-las-carreras-con-mayor-fuerza","status":"publish","type":"post","link":"https:\/\/contraluzcucuta.co\/?p=37590","title":{"rendered":"MERCADO LABORAL. Ciencias sociales y administraci\u00f3n, las carreras con mayor fuerza"},"content":{"rendered":"<p style=\"padding-left: 40px; text-align: right;\"><strong><span style=\"color: #ff9900;\">Bogot\u00e1. Durante los \u00faltimos a\u00f1os se ha evidenciado la tendencia en los j\u00f3venes para elegir carreras profesionales con enfoques administrativos y sociales. Sin embargo, entre la amplia oferta de programas acad\u00e9micos pueden encontrar dificultades para decidirse y elegir la profesi\u00f3n en la que se desempe\u00f1ar\u00e1n y especializar\u00e1n.<\/span><\/strong><\/p>\n<p>H\u00e9ctor Guti\u00e9rrez, docente y decano de la facultad de administraci\u00f3n de empresas de la Universidad San Mart\u00edn, destac\u00f3 la importancia de elegir entre las profesiones que tengan mejor salida laboral durante los pr\u00f3ximos a\u00f1os y que se hayan mantenido vigentes, porque esto revela la importancia y la necesidad de estos profesionales para los sectores econ\u00f3micos y avances del pa\u00eds.<\/p>\n<p>\u201cEl mundo se ha enfrentado a una crisis de salud p\u00fablica en la cual algunos perfiles profesionales han sido fundamentales para el avance y progreso de diferentes industrias. Con estrategias acertadas, han incentivado la reactivaci\u00f3n econ\u00f3mica y por medio de novedades para los p\u00fablicos objetivos, han logrado mantener a flote a las compa\u00f1\u00edas como es el caso de profesionales en mercadeo y publicidad, contadur\u00eda, derecho, administraci\u00f3n de empresas y a fines\u201d, dijo Guti\u00e9rrez.<\/p>\n<p>El portal El Empleo revel\u00f3 que la carrera que acumula mayor oferta laboral en su plataforma es la de administraci\u00f3n de empresas, con m\u00e1s de 21.000 vacantes disponibles; seguido de contadur\u00eda y administraci\u00f3n de negocios.<\/p>\n<p>Las compa\u00f1\u00edas tuvieron que adaptarse a los avances tecnol\u00f3gicos, a la virtualidad de los empleados y a mejorar los servicios que ofrec\u00edan los departamentos de Recursos Humanos y Bienestar para brindar apoyo y acompa\u00f1amiento sicol\u00f3gico al personal que se enfrent\u00f3 a la ansiedad o la depresi\u00f3n por el confinamiento.<\/p>\n<p><a href=\"https:\/\/contraluzcucuta.co\/wp-content\/uploads\/2022\/02\/KANTAR-7.jpg\"><img loading=\"lazy\" decoding=\"async\" class=\"alignnone size-medium wp-image-37592 alignleft\" src=\"https:\/\/contraluzcucuta.co\/wp-content\/uploads\/2022\/02\/KANTAR-7-300x200.jpg\" alt=\"\" width=\"300\" height=\"200\" srcset=\"https:\/\/contraluzcucuta.co\/wp-content\/uploads\/2022\/02\/KANTAR-7-300x200.jpg 300w, https:\/\/contraluzcucuta.co\/wp-content\/uploads\/2022\/02\/KANTAR-7-600x400.jpg 600w, https:\/\/contraluzcucuta.co\/wp-content\/uploads\/2022\/02\/KANTAR-7.jpg 626w\" sizes=\"auto, (max-width: 300px) 100vw, 300px\" \/><\/a><\/p>\n<p>El 4,7 % de los colombianos sufre de depresi\u00f3n, porcentaje superior al promedio mundial seg\u00fan la OMS. La pandemia trajo muchos cambios en los h\u00e1bitos de los colombianos y en el mundo, teniendo como resultado el incremento de trastornos sicol\u00f3gicos entre quienes no estaban acostumbrados a permanecer tiempos prolongados en un mismo espacio.<\/p>\n<p>\u201cLas compa\u00f1\u00edas fortalecieron los equipos con sic\u00f3logos capacitados para atender a los colaboradores que estaban padeciendo alg\u00fan trastorno\u201d, afirm\u00f3 Andr\u00e9s Barreto, sic\u00f3logo y director del programa de sicolog\u00eda de la FUSM.<\/p>\n<p>Los expertos complementan que se debe tener en cuenta que, si existe un gusto, este debe ser un factor que puede aprovecharse como incentivo para investigar de manera aut\u00f3noma carreras afines, contenidos, campos de acci\u00f3n y proyecci\u00f3n laboral. Esto, determinando de manera simult\u00e1nea si la carrera que busca est\u00e1 dentro del presupuesto e inter\u00e9s.<\/p>\n","protected":false},"excerpt":{"rendered":"<p>Bogot\u00e1. Durante los \u00faltimos a\u00f1os se ha evidenciado la tendencia en los j\u00f3venes para elegir carreras profesionales con enfoques administrativos y sociales. Sin embargo, entre la amplia oferta de programas acad\u00e9micos pueden encontrar dificultades para decidirse y elegir la profesi\u00f3n en la que se desempe\u00f1ar\u00e1n y especializar\u00e1n. H\u00e9ctor Guti\u00e9rrez, docente y decano de la facultad &hellip;<\/p>\n","protected":false},"author":1,"featured_media":37591,"comment_status":"open","ping_status":"open","sticky":false,"template":"","format":"standard","meta":{"footnotes":""},"categories":[74,4],"tags":[5369,5330,5368,5367],"class_list":["post-37590","post","type-post","status-publish","format-standard","has-post-thumbnail","hentry","category-aula-universitaria","category-barra","tag-administracion-de-empresas","tag-carreras-profesionales","tag-contaduria","tag-universidad-san-martin"],"_links":{"self":[{"href":"https:\/\/contraluzcucuta.co\/index.php?rest_route=\/wp\/v2\/posts\/37590","targetHints":{"allow":["GET"]}}],"collection":[{"href":"https:\/\/contraluzcucuta.co\/index.php?rest_route=\/wp\/v2\/posts"}],"about":[{"href":"https:\/\/contraluzcucuta.co\/index.php?rest_route=\/wp\/v2\/types\/post"}],"author":[{"embeddable":true,"href":"https:\/\/contraluzcucuta.co\/index.php?rest_route=\/wp\/v2\/users\/1"}],"replies":[{"embeddable":true,"href":"https:\/\/contraluzcucuta.co\/index.php?rest_route=%2Fwp%2Fv2%2Fcomments&post=37590"}],"version-history":[{"count":1,"href":"https:\/\/contraluzcucuta.co\/index.php?rest_route=\/wp\/v2\/posts\/37590\/revisions"}],"predecessor-version":[{"id":37593,"href":"https:\/\/contraluzcucuta.co\/index.php?rest_route=\/wp\/v2\/posts\/37590\/revisions\/37593"}],"wp:featuredmedia":[{"embeddable":true,"href":"https:\/\/contraluzcucuta.co\/index.php?rest_route=\/wp\/v2\/media\/37591"}],"wp:attachment":[{"href":"https:\/\/contraluzcucuta.co\/index.php?rest_route=%2Fwp%2Fv2%2Fmedia&parent=37590"}],"wp:term":[{"taxonomy":"category","embeddable":true,"href":"https:\/\/contraluzcucuta.co\/index.php?rest_route=%2Fwp%2Fv2%2Fcategories&post=37590"},{"taxonomy":"post_tag","embeddable":true,"href":"https:\/\/contraluzcucuta.co\/index.php?rest_route=%2Fwp%2Fv2%2Ftags&post=37590"}],"curies":[{"name":"wp","href":"https:\/\/api.w.org\/{rel}","templated":true}]}}