{"id":37539,"date":"2022-01-19T04:59:19","date_gmt":"2022-01-19T09:59:19","guid":{"rendered":"http:\/\/contraluzcucuta.co\/?p=37539"},"modified":"2022-01-19T04:59:56","modified_gmt":"2022-01-19T09:59:56","slug":"empropaz-microempresarios-en-el-norte-de-santander-podran-fortalecer-sus-negocios","status":"publish","type":"post","link":"https:\/\/contraluzcucuta.co\/?p=37539","title":{"rendered":"EMPROPAZ. Microempresarios en Norte de Santander podr\u00e1n fortalecer sus negocios"},"content":{"rendered":"<p style=\"padding-left: 40px; text-align: right;\"><strong><span style=\"color: #ff9900;\">TEORAMA \u2013 Norte de Santander.- El programa Emprendimientos Productivos para la Paz (Empropaz) llega a Norte de Santander para apoyar a los habitantes de este municipio mediante el acceso a finanzas productivas y capacitaci\u00f3n especializada. El prop\u00f3sito es contribuir con el desarrollo social, econ\u00f3mico y ambiental de los microempresarios de la regi\u00f3n.<\/span><\/strong><\/p>\n<p>La convocatoria presencial se har\u00e1 este 19 de enero, de 2:00 a 4:00 de la tarde, en la Casa de la Cultura de Teorama. En el encuentro podr\u00e1n conocer:<\/p>\n<ol>\n<li>El programa Empropaz<\/li>\n<li>El proceso de formaci\u00f3n<\/li>\n<li>El acompa\u00f1amiento que ofrece<\/li>\n<li>C\u00f3mo pueden vincularse.<\/li>\n<\/ol>\n<p>Los participantes recibir\u00e1n un taller de educaci\u00f3n financiera acerca de ahorro y manejo de finanzas personales.<\/p>\n<p>La iniciativa, liderada por Bancam\u00eda en alianza con la Agencia de Estados Unidos para el Desarrollo Internacional (Usaid), la Corporaci\u00f3n Mundial de la Mujer Colombia y la Corporaci\u00f3n Mundial de la Mujer Medell\u00edn, ha beneficiado a m\u00e1s de 5000 emprendedores y microempresarios, en 15 departamentos afectados por la pobreza y la violencia.<\/p>\n","protected":false},"excerpt":{"rendered":"<p>TEORAMA \u2013 Norte de Santander.- El programa Emprendimientos Productivos para la Paz (Empropaz) llega a Norte de Santander para apoyar a los habitantes de este municipio mediante el acceso a finanzas productivas y capacitaci\u00f3n especializada. El prop\u00f3sito es contribuir con el desarrollo social, econ\u00f3mico y ambiental de los microempresarios de la regi\u00f3n. La convocatoria presencial &hellip;<\/p>\n","protected":false},"author":1,"featured_media":37540,"comment_status":"open","ping_status":"open","sticky":false,"template":"","format":"standard","meta":{"footnotes":""},"categories":[4,32],"tags":[5108,5325],"class_list":["post-37539","post","type-post","status-publish","format-standard","has-post-thumbnail","hentry","category-barra","category-recorrido-por-la-region","tag-empropaz","tag-microempresarios"],"_links":{"self":[{"href":"https:\/\/contraluzcucuta.co\/index.php?rest_route=\/wp\/v2\/posts\/37539","targetHints":{"allow":["GET"]}}],"collection":[{"href":"https:\/\/contraluzcucuta.co\/index.php?rest_route=\/wp\/v2\/posts"}],"about":[{"href":"https:\/\/contraluzcucuta.co\/index.php?rest_route=\/wp\/v2\/types\/post"}],"author":[{"embeddable":true,"href":"https:\/\/contraluzcucuta.co\/index.php?rest_route=\/wp\/v2\/users\/1"}],"replies":[{"embeddable":true,"href":"https:\/\/contraluzcucuta.co\/index.php?rest_route=%2Fwp%2Fv2%2Fcomments&post=37539"}],"version-history":[{"count":2,"href":"https:\/\/contraluzcucuta.co\/index.php?rest_route=\/wp\/v2\/posts\/37539\/revisions"}],"predecessor-version":[{"id":37542,"href":"https:\/\/contraluzcucuta.co\/index.php?rest_route=\/wp\/v2\/posts\/37539\/revisions\/37542"}],"wp:featuredmedia":[{"embeddable":true,"href":"https:\/\/contraluzcucuta.co\/index.php?rest_route=\/wp\/v2\/media\/37540"}],"wp:attachment":[{"href":"https:\/\/contraluzcucuta.co\/index.php?rest_route=%2Fwp%2Fv2%2Fmedia&parent=37539"}],"wp:term":[{"taxonomy":"category","embeddable":true,"href":"https:\/\/contraluzcucuta.co\/index.php?rest_route=%2Fwp%2Fv2%2Fcategories&post=37539"},{"taxonomy":"post_tag","embeddable":true,"href":"https:\/\/contraluzcucuta.co\/index.php?rest_route=%2Fwp%2Fv2%2Ftags&post=37539"}],"curies":[{"name":"wp","href":"https:\/\/api.w.org\/{rel}","templated":true}]}}