{"id":37533,"date":"2022-01-10T18:23:11","date_gmt":"2022-01-10T23:23:11","guid":{"rendered":"http:\/\/contraluzcucuta.co\/?p=37533"},"modified":"2022-01-10T20:05:18","modified_gmt":"2022-01-11T01:05:18","slug":"necrolgia-ciro-duran-bajo-el-telon-de-su-vida","status":"publish","type":"post","link":"https:\/\/contraluzcucuta.co\/?p=37533","title":{"rendered":"NECROLOG\u00cdA. Ciro Dur\u00e1n baj\u00f3 el tel\u00f3n de su vida"},"content":{"rendered":"<p style=\"padding-left: 40px; text-align: right;\"><strong><span style=\"color: #ff9900;\">Ciro Dur\u00e1n esper\u00f3 a cumplir los 84 a\u00f1os para despedirse de este mundo. Naci\u00f3 en Convenci\u00f3n (Norte de Santander), el 16 de diciembre de 1937, y baj\u00f3 el tel\u00f3n de sus d\u00edas el 10 de enero de 2021, en Bogot\u00e1. A lo largo de la vida disfrut\u00f3 los d\u00edas como cineasta, guionista y productor de cine, trayectoria que comenz\u00f3 en la sexta d\u00e9cada del siglo XXI.<\/span><\/strong><\/p>\n<p>El bachillerato lo curs\u00f3 en el colegio Jos\u00e9 Eusebio Caro, en la vecina Oca\u00f1a y al terminar esa etapa viaj\u00f3 a la capital del pa\u00eds para prepararse como qu\u00edmica y matem\u00e1tico. La Universidad Nacional de Colombia le abri\u00f3 las puertas de las aulas, aunque el teatro lo indujo al s\u00e9ptimo arte y ah\u00ed permaneci\u00f3.<\/p>\n<p>Vivi\u00f3 en Caracas seis a\u00f1os (1961 \u2013 1967) y en la capital venezolana fue alumno del director de teatro y cineasta Rom\u00e1n Chalbaud. Su trabajo le vali\u00f3 varios reconocimientos por los documentales Gam\u00edn (1978) y La Guerra del Centavo (1985), y los largometrajes La Nave de los Sue\u00f1os (1996) y La Toma de la Embajada (2000), como director. En Colombia fue destacado entre los cineastas destacados del siglo XX.<\/p>\n<p>Debut\u00f3 como director y productor (1962) con el mediometraje La paga en Venezuela, basado en la lucha campesina. En 1968, fue contratado para dirigir la coproducci\u00f3n colombo-venezolana Aquileo Venganza, filmada en Villa de Leyva y basada en la Guerra de los Mil D\u00edas y el despojo de tierras.<\/p>\n<p>Regres\u00f3 a Bogot\u00e1 y produjo los cortometrajes Corralejas de Sincelejo y Tayrona, codirigido con Joyce Ventura. En 1978, estren\u00f3 Gam\u00edn, acerca de la vida de menores de edad que viven en las calles de la capital colombiana.<\/p>\n<p>Por Gamin fue galardonado con el premio Donostia, como mejor director en el Festival de San Sebasti\u00e1n. Se estren\u00f3 en el Festival de Cannes y llevada a las salas de cine y canales de televisi\u00f3n de Francia, Reino Unido y Alemania.<\/p>\n<p>Despu\u00e9s, se dedic\u00f3 a la realizaci\u00f3n de largometrajes de ficci\u00f3n, g\u00e9nero en el que destaca La toma de la embajada, inscrita en el cine pol\u00edtico, sobre la toma de la embajada de Rep\u00fablica Dominicana por parte del grupo guerrillero M-19.<\/p>\n<p>Fue jurado en los Festivales de Cine de Leipzig (1978), Mosc\u00fa (1981) y Montreal (1984). En enero de 1997, regres\u00f3 a la natal Convenci\u00f3n y Oca\u00f1a para presentar La nave de los sue\u00f1os. El filme se proyect\u00f3 en el Cine Leonelda.<\/p>\n<p>En la filmograf\u00eda destacan las pel\u00edculas:<\/p>\n<p>1962 &#8211; La paga<\/p>\n<p>1968 &#8211; Aquileo Venganza<\/p>\n<p>1976 &#8211; Corralejas de Sincelejo<\/p>\n<p>1977 &#8211; Tayrona. Codirigido con Joyce Ventura<\/p>\n<p>1978 &#8211; Gam\u00edn<\/p>\n<p>1979 &#8211; Ni\u00f1os de dos mundos (Realizado en Alemania RDA\u00b8 1979)<\/p>\n<p>1980 &#8211; Las cuatro edades del amor<\/p>\n<p>1985 &#8211; La guerra del centavo<\/p>\n<p>1988 &#8211; Tropical Snow<\/p>\n<p>1990 &#8211; Comment vont les enfants. Carmelo. Codirigido con Jean-Luc Godard, Anne-Marie Mi\u00e9ville, Lino Brocka, Rolan Bykov, Jerry Lewis, Euzhan Palcy.<\/p>\n<p>1996 &#8211; La nave de los sue\u00f1os<\/p>\n<p>2000 &#8211; La toma de la embajada<\/p>\n","protected":false},"excerpt":{"rendered":"<p>Ciro Dur\u00e1n esper\u00f3 a cumplir los 84 a\u00f1os para despedirse de este mundo. Naci\u00f3 en Convenci\u00f3n (Norte de Santander), el 16 de diciembre de 1937, y baj\u00f3 el tel\u00f3n de sus d\u00edas el 10 de enero de 2021, en Bogot\u00e1. A lo largo de la vida disfrut\u00f3 los d\u00edas como cineasta, guionista y productor de &hellip;<\/p>\n","protected":false},"author":1,"featured_media":37534,"comment_status":"open","ping_status":"open","sticky":false,"template":"","format":"standard","meta":{"footnotes":""},"categories":[4,1967],"tags":[3125,5356],"class_list":["post-37533","post","type-post","status-publish","format-standard","has-post-thumbnail","hentry","category-barra","category-necrologias","tag-cine-colombiano","tag-ciro-duran"],"_links":{"self":[{"href":"https:\/\/contraluzcucuta.co\/index.php?rest_route=\/wp\/v2\/posts\/37533","targetHints":{"allow":["GET"]}}],"collection":[{"href":"https:\/\/contraluzcucuta.co\/index.php?rest_route=\/wp\/v2\/posts"}],"about":[{"href":"https:\/\/contraluzcucuta.co\/index.php?rest_route=\/wp\/v2\/types\/post"}],"author":[{"embeddable":true,"href":"https:\/\/contraluzcucuta.co\/index.php?rest_route=\/wp\/v2\/users\/1"}],"replies":[{"embeddable":true,"href":"https:\/\/contraluzcucuta.co\/index.php?rest_route=%2Fwp%2Fv2%2Fcomments&post=37533"}],"version-history":[{"count":2,"href":"https:\/\/contraluzcucuta.co\/index.php?rest_route=\/wp\/v2\/posts\/37533\/revisions"}],"predecessor-version":[{"id":37536,"href":"https:\/\/contraluzcucuta.co\/index.php?rest_route=\/wp\/v2\/posts\/37533\/revisions\/37536"}],"wp:featuredmedia":[{"embeddable":true,"href":"https:\/\/contraluzcucuta.co\/index.php?rest_route=\/wp\/v2\/media\/37534"}],"wp:attachment":[{"href":"https:\/\/contraluzcucuta.co\/index.php?rest_route=%2Fwp%2Fv2%2Fmedia&parent=37533"}],"wp:term":[{"taxonomy":"category","embeddable":true,"href":"https:\/\/contraluzcucuta.co\/index.php?rest_route=%2Fwp%2Fv2%2Fcategories&post=37533"},{"taxonomy":"post_tag","embeddable":true,"href":"https:\/\/contraluzcucuta.co\/index.php?rest_route=%2Fwp%2Fv2%2Ftags&post=37533"}],"curies":[{"name":"wp","href":"https:\/\/api.w.org\/{rel}","templated":true}]}}