{"id":37520,"date":"2022-01-04T06:25:04","date_gmt":"2022-01-04T11:25:04","guid":{"rendered":"http:\/\/contraluzcucuta.co\/?p=37520"},"modified":"2022-01-04T06:25:04","modified_gmt":"2022-01-04T11:25:04","slug":"revocatoria-del-alcalde-registraduria-propone-el-30-de-enero-para-las-votaciones","status":"publish","type":"post","link":"https:\/\/contraluzcucuta.co\/?p=37520","title":{"rendered":"REVOCATORIA DEL ALCALDE. Registradur\u00eda propone el 30 de enero para las votaciones"},"content":{"rendered":"<p style=\"padding-left: 40px; text-align: right;\"><strong><span style=\"color: #ff9900;\">C\u00daCUTA.- La larga historia de la revocatoria del mandato del alcalde Jairo Y\u00e1\u00f1ez encuentra un nuevo cap\u00edtulo. Luego del aplazamiento de la jornada prevista para el 12 de diciembre, el gobernador Silvano Serrano propuso el 23 de enero para que los cucute\u00f1os acudieran a las urnas y decidieran la suerte del gobernante local.<\/span><\/strong><\/p>\n<p>Ahora, seg\u00fan el an\u00e1lisis de la Registradur\u00eda Nacional del Estado Civil, las cuentas en d\u00edas no dan y \u201cpersiste el error\u201d respecto a la designaci\u00f3n de las comisiones escrutadoras. As\u00ed lo hizo saber el registrador delegado en lo electoral Carlos Alberto Leyva al gobernador Serrano Guerrero.<\/p>\n<p>Explica el despacho de orden nacional que 10 d\u00edas h\u00e1biles antes de la fecha de la elecci\u00f3n dar\u00eda como resultado el 7 de enero. Ese d\u00eda, el Tribunal Superior de Distrito Judicial deber\u00e1 proceder con la designaci\u00f3n las comisiones escrutadoras, \u201cfecha de imposible cumplimiento\u201d, por cuanto la vacancia judicial termina el 11 de enero.<\/p>\n<p>\u201cLa fijaci\u00f3n de la nueva fecha de votaciones tiene como consecuencia, nuevamente, la imposibilidad material y jur\u00eddica sobreviniente para el cumplimiento del fallo\u201d, explic\u00f3 Leyva Namen en la comunicaci\u00f3n remitida al Gobernador de Norte de Santander.<\/p>\n<p>Reitera el Registrador Delegado en lo Electoral que el decreto de convocatoria proferido por el Gobernador \u201cno observa los plazos de orden p\u00fablico establecidos en la ley\u201d. Para expedir el calendario electoral, la Registradur\u00eda requiere del decreto emitido por la Gobernaci\u00f3n de Norte de Santander que garantice, material y jur\u00eddicamente, la ejecuci\u00f3n de las votaciones.<\/p>\n<p>Leyva Namen solicit\u00f3 a Silvano Serrano que modifique el Decreto 001728 del 31 de diciembre, en el que se fija la fecha para la jornada electoral. Propone que el llamado a las urnas se cumpla el 30 de enero, \u201cfecha en la cual se cumplen los plazos establecidos en la ley\u201d.<\/p>\n<p>El Juzgado Tercero de Ejecuci\u00f3n de Penas y Medidas de Seguridad de Distrito Judicial de C\u00facuta, mediante fallo de tutela, orden\u00f3 al gobernador Serrano Guerrero fijar la fecha para adelantar el mecanismo de participaci\u00f3n ciudadana de revocatoria del mandato del alcalde de C\u00facuta, Jairo Y\u00e1\u00f1ez.<\/p>\n<p>\u201cFecha que en todo caso deber\u00e1 garantizar la realizaci\u00f3n material y jur\u00eddica del evento electoral, as\u00ed como una verdadera participaci\u00f3n ciudadana\u201d, expresa el documento del Juzgado, en el art\u00edculo segundo.<\/p>\n","protected":false},"excerpt":{"rendered":"<p>C\u00daCUTA.- La larga historia de la revocatoria del mandato del alcalde Jairo Y\u00e1\u00f1ez encuentra un nuevo cap\u00edtulo. Luego del aplazamiento de la jornada prevista para el 12 de diciembre, el gobernador Silvano Serrano propuso el 23 de enero para que los cucute\u00f1os acudieran a las urnas y decidieran la suerte del gobernante local. Ahora, seg\u00fan &hellip;<\/p>\n","protected":false},"author":1,"featured_media":37521,"comment_status":"open","ping_status":"open","sticky":false,"template":"","format":"standard","meta":{"footnotes":""},"categories":[4,9],"tags":[4776,4748,2060,5297],"class_list":["post-37520","post","type-post","status-publish","format-standard","has-post-thumbnail","hentry","category-barra","category-politica","tag-alcalde-jairo-yanez","tag-gobernador-silvano-serrano","tag-registraduria-del-estado-civil","tag-revocatoria"],"_links":{"self":[{"href":"https:\/\/contraluzcucuta.co\/index.php?rest_route=\/wp\/v2\/posts\/37520","targetHints":{"allow":["GET"]}}],"collection":[{"href":"https:\/\/contraluzcucuta.co\/index.php?rest_route=\/wp\/v2\/posts"}],"about":[{"href":"https:\/\/contraluzcucuta.co\/index.php?rest_route=\/wp\/v2\/types\/post"}],"author":[{"embeddable":true,"href":"https:\/\/contraluzcucuta.co\/index.php?rest_route=\/wp\/v2\/users\/1"}],"replies":[{"embeddable":true,"href":"https:\/\/contraluzcucuta.co\/index.php?rest_route=%2Fwp%2Fv2%2Fcomments&post=37520"}],"version-history":[{"count":1,"href":"https:\/\/contraluzcucuta.co\/index.php?rest_route=\/wp\/v2\/posts\/37520\/revisions"}],"predecessor-version":[{"id":37522,"href":"https:\/\/contraluzcucuta.co\/index.php?rest_route=\/wp\/v2\/posts\/37520\/revisions\/37522"}],"wp:featuredmedia":[{"embeddable":true,"href":"https:\/\/contraluzcucuta.co\/index.php?rest_route=\/wp\/v2\/media\/37521"}],"wp:attachment":[{"href":"https:\/\/contraluzcucuta.co\/index.php?rest_route=%2Fwp%2Fv2%2Fmedia&parent=37520"}],"wp:term":[{"taxonomy":"category","embeddable":true,"href":"https:\/\/contraluzcucuta.co\/index.php?rest_route=%2Fwp%2Fv2%2Fcategories&post=37520"},{"taxonomy":"post_tag","embeddable":true,"href":"https:\/\/contraluzcucuta.co\/index.php?rest_route=%2Fwp%2Fv2%2Ftags&post=37520"}],"curies":[{"name":"wp","href":"https:\/\/api.w.org\/{rel}","templated":true}]}}