{"id":37517,"date":"2022-01-03T15:50:31","date_gmt":"2022-01-03T20:50:31","guid":{"rendered":"http:\/\/contraluzcucuta.co\/?p=37517"},"modified":"2022-01-03T15:50:31","modified_gmt":"2022-01-03T20:50:31","slug":"cronica-en-mi-menor-de-visita-a-la-bella-cucuta","status":"publish","type":"post","link":"https:\/\/contraluzcucuta.co\/?p=37517","title":{"rendered":"CR\u00d3NICA EN M\u00cd MENOR. De visita a la bella C\u00facuta"},"content":{"rendered":"<p style=\"padding-left: 40px; text-align: right;\"><strong><span style=\"color: #ff9900;\">C\u00daCUTA.- Pasaron 26 largos a\u00f1os para que regresara a mi hermosa, C\u00facuta. Lo hice para pasar las festividades de Navidad y A\u00f1o Nuevo en compa\u00f1\u00eda de la familia que a\u00fan tengo y, desde luego, para hacer un recorrido por la ciudad, que ha cambiado un tanto en la infraestructura vial y de vivienda, y que conserva esa caracter\u00edstica de ciudad fronteriza con Venezuela.<\/span><\/strong><\/p>\n<p>No obstante, al igual que la mayor\u00eda de los municipios colombianos, la capital de Norte de Santander afronta problemas como la carencia de buen sistema de alcantarillado y la recuperaci\u00f3n de la malla vial, cuyo deterioro es notorio en los barrios populares. Ojal\u00e1, el gobierno municipal en lo que resta de administraci\u00f3n, se d\u00e9 a la tarea de resolver o, por lo menos, dejar las bases para que se acaben estos dos males que acosan a la ciudad.<\/p>\n<p>Pese a que todos hemos sufrido y vivido los rigores del Covid-19, creo que C\u00facuta ha sorteado los embates de la pandemia con la esperanza que, atendiendo los requerimientos del Gobierno para evitar m\u00e1s contagios, pueda superarse esta mortal enfermedad.<\/p>\n<p>En los pocos d\u00edas que estuve, vinieron a la memoria hermosos recuerdos de mi actividad como periodista en algunos medios de comunicaci\u00f3n locales, el diario La Opini\u00f3n y RCN, y la Oficina de Prensa de la Gobernaci\u00f3n, de la que fui su primer jefe oficial. Hace m\u00e1s de 26 a\u00f1os, C\u00facuta y Norte de Santander tuvieron la \u00e9poca dorada del periodismo en esta parte del pa\u00eds.<\/p>\n<p>Por eso, destaco el nombre algunos colegas que partieron de este mundo material, Jes\u00fas Medina, Rafael Norberto Capacho, Jorge Rol\u00f3n, C\u00e9sar Duarte, Carlos Ariza, Julio Palacios, Jes\u00fas Chucho Ram\u00edrez, Gustavo Rojas y Gustavo Salazar dejaron un grato recuerdo de amistad en el ejercicio de la profesi\u00f3n m\u00e1s linda del mundo.<\/p>\n<p>A los que viven y que forman parte de mi generaci\u00f3n, An\u00edbal Ortiz, Celmira Figueroa, Sixta Tulia Hern\u00e1ndez, Patricia Giraldo, Maribel Torres, Julio Garc\u00eda Herreros, Carlos Forero, Carlos Fernando Garc\u00eda y Fredy Fernando Parada, mi saludo fraterno.<\/p>\n<p>Tambi\u00e9n, fue agradable el reencuentro con mi colega y amigo Rafael Pab\u00f3n. Con \u00e9l labor\u00e9 en La Opini\u00f3n, donde sus consejos y rigorosa disciplina me sirvieron para desarrollar en buena forma mi actividad period\u00edstica. No puedo dejar de mencionar al maestro Cicer\u00f3n Fl\u00f3rez, quien fue mi jefe en esa casa editorial y por quien profeso mi admiraci\u00f3n y respeto por ser un gran periodista durante buena parte de los 88 a\u00f1os que cumpli\u00f3 el 28 de diciembre, celebraci\u00f3n de la que tuve el privilegio de asistir con su familia.<\/p>\n<p>Fue reconfortante, volver a mi ciudad, a la que quiero y recuerdo siempre. A la de los inigualables pasteles de garbanzo, acompa\u00f1ados con una rica avena, de los chuzopan y la deliciosa salsa t\u00e1rtara; el tradicional y delicioso mute, lo mismo que degustar la gran rampuchada en El Zulia.<\/p>\n<p>Me despido con algo de nostalgia, pero tambi\u00e9n con el prop\u00f3sito de volver pronto. Teitero mi gratitud y alegr\u00eda con el \u201cTe amo C\u00facuta\u201d.<\/p>\n<p><strong>MARIO ENRIQUE L\u00d3PEZ<\/strong><\/p>\n","protected":false},"excerpt":{"rendered":"<p>C\u00daCUTA.- Pasaron 26 largos a\u00f1os para que regresara a mi hermosa, C\u00facuta. Lo hice para pasar las festividades de Navidad y A\u00f1o Nuevo en compa\u00f1\u00eda de la familia que a\u00fan tengo y, desde luego, para hacer un recorrido por la ciudad, que ha cambiado un tanto en la infraestructura vial y de vivienda, y que &hellip;<\/p>\n","protected":false},"author":1,"featured_media":37518,"comment_status":"open","ping_status":"open","sticky":false,"template":"","format":"standard","meta":{"footnotes":""},"categories":[3691,45,4],"tags":[5347,5353,1392],"class_list":["post-37517","post","type-post","status-publish","format-standard","has-post-thumbnail","hentry","category-cronicas-en-mi-menor","category-destacado","category-barra","tag-cronica-en-mi-menor","tag-mario-lopez","tag-visita-a-cucuta"],"_links":{"self":[{"href":"https:\/\/contraluzcucuta.co\/index.php?rest_route=\/wp\/v2\/posts\/37517","targetHints":{"allow":["GET"]}}],"collection":[{"href":"https:\/\/contraluzcucuta.co\/index.php?rest_route=\/wp\/v2\/posts"}],"about":[{"href":"https:\/\/contraluzcucuta.co\/index.php?rest_route=\/wp\/v2\/types\/post"}],"author":[{"embeddable":true,"href":"https:\/\/contraluzcucuta.co\/index.php?rest_route=\/wp\/v2\/users\/1"}],"replies":[{"embeddable":true,"href":"https:\/\/contraluzcucuta.co\/index.php?rest_route=%2Fwp%2Fv2%2Fcomments&post=37517"}],"version-history":[{"count":1,"href":"https:\/\/contraluzcucuta.co\/index.php?rest_route=\/wp\/v2\/posts\/37517\/revisions"}],"predecessor-version":[{"id":37519,"href":"https:\/\/contraluzcucuta.co\/index.php?rest_route=\/wp\/v2\/posts\/37517\/revisions\/37519"}],"wp:featuredmedia":[{"embeddable":true,"href":"https:\/\/contraluzcucuta.co\/index.php?rest_route=\/wp\/v2\/media\/37518"}],"wp:attachment":[{"href":"https:\/\/contraluzcucuta.co\/index.php?rest_route=%2Fwp%2Fv2%2Fmedia&parent=37517"}],"wp:term":[{"taxonomy":"category","embeddable":true,"href":"https:\/\/contraluzcucuta.co\/index.php?rest_route=%2Fwp%2Fv2%2Fcategories&post=37517"},{"taxonomy":"post_tag","embeddable":true,"href":"https:\/\/contraluzcucuta.co\/index.php?rest_route=%2Fwp%2Fv2%2Ftags&post=37517"}],"curies":[{"name":"wp","href":"https:\/\/api.w.org\/{rel}","templated":true}]}}