{"id":37484,"date":"2021-12-19T08:35:05","date_gmt":"2021-12-19T13:35:05","guid":{"rendered":"http:\/\/contraluzcucuta.co\/?p=37484"},"modified":"2021-12-19T08:35:05","modified_gmt":"2021-12-19T13:35:05","slug":"libre-como-el-viento-nuevo-sencillo-del-cucuteno-daneon","status":"publish","type":"post","link":"https:\/\/contraluzcucuta.co\/?p=37484","title":{"rendered":"\u2018LIBRE COMO EL VIENTO\u2019. Nuevo sencillo del cucute\u00f1o Daneon"},"content":{"rendered":"<p style=\"padding-left: 40px; text-align: right;\"><strong><span style=\"color: #ff9900;\">NUEVA YORK.-\u00a0 Despu\u00e9s de los \u00faltimos lanzamientos que Daneon, \u2018Tu Mira\u2019 y \u2018Dudas\u2019, hace el cierre de la trilog\u00eda de historias de amor, empoderamiento y liberaci\u00f3n personal. Desde la introspectiva muestra lo extrovertido y verdadero de \u00e9l como m\u00fasico y artista.<\/span><\/strong><\/p>\n<p>Luego de trabajar con exponentes del reguet\u00f3n, presenta el nuevo sencillo con ritmos originales de ese g\u00e9nero. Explora nuevos sonidos e ideas que lo convierte en pieza musical \u00fanica. La canci\u00f3n fue compuesta de la mano de sus amigos Trevor Rush, Juan Esteban L\u00f3pez (\u2018Sombra\u2019) y David Gamarra (\u2018Teshna Music\u2019), coproducida con \u2018Sombra\u2019 y masterizada por Andrei Fossari.<\/p>\n<p><a href=\"https:\/\/contraluzcucuta.co\/wp-content\/uploads\/2021\/12\/DANEON-10.jpeg\"><img loading=\"lazy\" decoding=\"async\" class=\"alignnone size-medium wp-image-37486 alignleft\" src=\"https:\/\/contraluzcucuta.co\/wp-content\/uploads\/2021\/12\/DANEON-10-300x163.jpeg\" alt=\"\" width=\"300\" height=\"163\" srcset=\"https:\/\/contraluzcucuta.co\/wp-content\/uploads\/2021\/12\/DANEON-10-300x163.jpeg 300w, https:\/\/contraluzcucuta.co\/wp-content\/uploads\/2021\/12\/DANEON-10-600x326.jpeg 600w, https:\/\/contraluzcucuta.co\/wp-content\/uploads\/2021\/12\/DANEON-10-768x418.jpeg 768w, https:\/\/contraluzcucuta.co\/wp-content\/uploads\/2021\/12\/DANEON-10.jpeg 1024w\" sizes=\"auto, (max-width: 300px) 100vw, 300px\" \/><\/a><\/p>\n<p>La l\u00edrica inspira y eleva el esp\u00edritu de aquellos que est\u00e1n en la constante b\u00fasqueda de libertad personal y sentirse \u201clibre como el viento\u201d. La tem\u00e1tica del v\u00eddeo se trabaj\u00f3 con colaboradores y amigos. Dirigido por Johnny Valdivia y producido por Daneon, fue grabado en New York. Muestra lugares ic\u00f3nicos como el Time Square, China Town y Central Park, en un ambiente de celebraci\u00f3n. Deja marcado que Daneon es un artista local de \u201cLa gran manzana\u201d. El video anterior, \u2018Dudas\u2019, fue rodado en esta ciudad.<\/p>\n<p>La historia narra la liberaci\u00f3n de su prisi\u00f3n mental y lleva a un viaje colorido y divertido. Muestra las facetas de este proceso, que comienzan con las cadenas que lo tienen atado, hasta terminar en una fiesta que integra a amigos mientras disfrutan a plenitud la libertad.<\/p>\n<p>\u201cEsta historia nos da una sorpresa al demostrar que la verdadera libertad nace en nuestra mente, cuando abrimos el ojo de la conciencia y logramos despojarnos de todo aquello que nos limita en nuestra b\u00fasqueda de libertad\u201d, dijo Daneon.<\/p>\n","protected":false},"excerpt":{"rendered":"<p>NUEVA YORK.-\u00a0 Despu\u00e9s de los \u00faltimos lanzamientos que Daneon, \u2018Tu Mira\u2019 y \u2018Dudas\u2019, hace el cierre de la trilog\u00eda de historias de amor, empoderamiento y liberaci\u00f3n personal. Desde la introspectiva muestra lo extrovertido y verdadero de \u00e9l como m\u00fasico y artista. Luego de trabajar con exponentes del reguet\u00f3n, presenta el nuevo sencillo con ritmos originales &hellip;<\/p>\n","protected":false},"author":1,"featured_media":37485,"comment_status":"open","ping_status":"open","sticky":false,"template":"","format":"standard","meta":{"footnotes":""},"categories":[4,6],"tags":[5344,5346,5345],"class_list":["post-37484","post","type-post","status-publish","format-standard","has-post-thumbnail","hentry","category-barra","category-ojo-avizor","tag-daneon","tag-libre-como-el-viento","tag-management-contact"],"_links":{"self":[{"href":"https:\/\/contraluzcucuta.co\/index.php?rest_route=\/wp\/v2\/posts\/37484","targetHints":{"allow":["GET"]}}],"collection":[{"href":"https:\/\/contraluzcucuta.co\/index.php?rest_route=\/wp\/v2\/posts"}],"about":[{"href":"https:\/\/contraluzcucuta.co\/index.php?rest_route=\/wp\/v2\/types\/post"}],"author":[{"embeddable":true,"href":"https:\/\/contraluzcucuta.co\/index.php?rest_route=\/wp\/v2\/users\/1"}],"replies":[{"embeddable":true,"href":"https:\/\/contraluzcucuta.co\/index.php?rest_route=%2Fwp%2Fv2%2Fcomments&post=37484"}],"version-history":[{"count":1,"href":"https:\/\/contraluzcucuta.co\/index.php?rest_route=\/wp\/v2\/posts\/37484\/revisions"}],"predecessor-version":[{"id":37487,"href":"https:\/\/contraluzcucuta.co\/index.php?rest_route=\/wp\/v2\/posts\/37484\/revisions\/37487"}],"wp:featuredmedia":[{"embeddable":true,"href":"https:\/\/contraluzcucuta.co\/index.php?rest_route=\/wp\/v2\/media\/37485"}],"wp:attachment":[{"href":"https:\/\/contraluzcucuta.co\/index.php?rest_route=%2Fwp%2Fv2%2Fmedia&parent=37484"}],"wp:term":[{"taxonomy":"category","embeddable":true,"href":"https:\/\/contraluzcucuta.co\/index.php?rest_route=%2Fwp%2Fv2%2Fcategories&post=37484"},{"taxonomy":"post_tag","embeddable":true,"href":"https:\/\/contraluzcucuta.co\/index.php?rest_route=%2Fwp%2Fv2%2Ftags&post=37484"}],"curies":[{"name":"wp","href":"https:\/\/api.w.org\/{rel}","templated":true}]}}