{"id":37435,"date":"2021-12-10T15:59:23","date_gmt":"2021-12-10T20:59:23","guid":{"rendered":"http:\/\/contraluzcucuta.co\/?p=37435"},"modified":"2021-12-10T15:59:23","modified_gmt":"2021-12-10T20:59:23","slug":"unicef75-hace-tres-anos-trabaja-en-norte-de-santander-por-los-ninos-y-los-adolescentes","status":"publish","type":"post","link":"https:\/\/contraluzcucuta.co\/?p=37435","title":{"rendered":"UNICEF75. Hace tres a\u00f1os trabaja en Norte de Santander por los ni\u00f1os y los adolescentes"},"content":{"rendered":"<p style=\"padding-left: 40px; text-align: right;\"><strong><span style=\"color: #ff9900;\">C\u00daCUTA.- En Norte de Santander, Unicef Colombia trabaja desde el 2018 en diversas l\u00edneas de acci\u00f3n para la inclusi\u00f3n y protecci\u00f3n de ni\u00f1os y adolescentes migrantes y de las comunidades receptoras. Desde la llegada a la regi\u00f3n, se ha buscado dar respuesta integral a las necesidades de la poblaci\u00f3n que les permita el goce pleno de los derechos.<\/span><\/strong><\/p>\n<p>El 11 de diciembre, se conmemoran los 75 a\u00f1os de la creaci\u00f3n del Fondo de las Naciones Unidas para la Infancia (Unicef). Actualmente, hace presencia en m\u00e1s de 190 pa\u00edses y territorios para defender y salvaguardar los derechos de ni\u00f1os y adolescentes, para ayudarles a desarrollar su potencial, desde la primera infancia hasta la adolescencia.<\/p>\n<p><a href=\"https:\/\/contraluzcucuta.co\/wp-content\/uploads\/2021\/12\/UNICEF-1.jpg\"><img loading=\"lazy\" decoding=\"async\" class=\"alignnone size-medium wp-image-37437 alignleft\" src=\"https:\/\/contraluzcucuta.co\/wp-content\/uploads\/2021\/12\/UNICEF-1-300x169.jpg\" alt=\"\" width=\"300\" height=\"169\" srcset=\"https:\/\/contraluzcucuta.co\/wp-content\/uploads\/2021\/12\/UNICEF-1-300x169.jpg 300w, https:\/\/contraluzcucuta.co\/wp-content\/uploads\/2021\/12\/UNICEF-1-600x337.jpg 600w, https:\/\/contraluzcucuta.co\/wp-content\/uploads\/2021\/12\/UNICEF-1-1024x575.jpg 1024w, https:\/\/contraluzcucuta.co\/wp-content\/uploads\/2021\/12\/UNICEF-1-768x431.jpg 768w, https:\/\/contraluzcucuta.co\/wp-content\/uploads\/2021\/12\/UNICEF-1.jpg 1280w\" sizes=\"auto, (max-width: 300px) 100vw, 300px\" \/><\/a><\/p>\n<p>En el departamento se han llevado a cabo m\u00e1s de 100 acciones en agua, saneamiento e higiene en instituciones educativas, centros de salud y centros de apoyo.\u00a0 En esta l\u00ednea, Unicef ha llegado a Puerto Santander y Tib\u00fa, en la frontera con Venezuela, facilitando el acceso al agua, lavamanos y bater\u00edas sanitarias, que permiten reducir el riesgo de enfermedades e infecciones.<\/p>\n<p>Una de las estrategias y herramientas a las que m\u00e1s le apuesta la agencia de Naciones Unidas en el departamento es la ejecuci\u00f3n de jornadas comunitarias para que la poblaci\u00f3n migrante haga parte del proceso de regularizaci\u00f3n por medio del Estatuto Temporal de Protecci\u00f3n para Migrantes Venezolanos (ETPV).<\/p>\n<p>Ha trabajado de manera articulada con Migraci\u00f3n Colombia y el ICBF para apoyar el registro biom\u00e9trico y el pre-registro de ni\u00f1os y adolescentes que se benefician del programa. Tambi\u00e9n, se han dispuesto espacios de cuidado y acogida para los menores de edad que llegan al pa\u00eds y se les brinda atenci\u00f3n.<\/p>\n<p>Se ha implementado la estrategia C\u00edrculos de Aprendizaje para la vinculaci\u00f3n efectiva de ni\u00f1os y adolescentes desescolarizados que est\u00e1n por fuera del sistema educativo debido a distintas razones. Actualmente, 336 ni\u00f1os hacen parte de los programas, mientras que gran porcentaje ha logrado transitar a las instituciones educativas regulares.<\/p>\n<p><a href=\"https:\/\/contraluzcucuta.co\/wp-content\/uploads\/2021\/12\/UNICEF-3.jpg\"><img loading=\"lazy\" decoding=\"async\" class=\"alignnone size-medium wp-image-37438 alignleft\" src=\"https:\/\/contraluzcucuta.co\/wp-content\/uploads\/2021\/12\/UNICEF-3-300x169.jpg\" alt=\"\" width=\"300\" height=\"169\" srcset=\"https:\/\/contraluzcucuta.co\/wp-content\/uploads\/2021\/12\/UNICEF-3-300x169.jpg 300w, https:\/\/contraluzcucuta.co\/wp-content\/uploads\/2021\/12\/UNICEF-3-600x338.jpg 600w, https:\/\/contraluzcucuta.co\/wp-content\/uploads\/2021\/12\/UNICEF-3-1024x576.jpg 1024w, https:\/\/contraluzcucuta.co\/wp-content\/uploads\/2021\/12\/UNICEF-3-768x432.jpg 768w, https:\/\/contraluzcucuta.co\/wp-content\/uploads\/2021\/12\/UNICEF-3.jpg 1280w\" sizes=\"auto, (max-width: 300px) 100vw, 300px\" \/><\/a><\/p>\n<p>En medio de la conmemoraci\u00f3n del aniversario n\u00famero 75, UNICEF seguir\u00e1 en acci\u00f3n para llegar a m\u00e1s ni\u00f1os de Norte de Santander para que puedan gozar plenamente de los derechos, reimaginar la realidad y construir libremente el proyecto de vida.<\/p>\n","protected":false},"excerpt":{"rendered":"<p>C\u00daCUTA.- En Norte de Santander, Unicef Colombia trabaja desde el 2018 en diversas l\u00edneas de acci\u00f3n para la inclusi\u00f3n y protecci\u00f3n de ni\u00f1os y adolescentes migrantes y de las comunidades receptoras. Desde la llegada a la regi\u00f3n, se ha buscado dar respuesta integral a las necesidades de la poblaci\u00f3n que les permita el goce pleno &hellip;<\/p>\n","protected":false},"author":1,"featured_media":37436,"comment_status":"open","ping_status":"open","sticky":false,"template":"","format":"standard","meta":{"footnotes":""},"categories":[4,36],"tags":[5331,5096],"class_list":["post-37435","post","type-post","status-publish","format-standard","has-post-thumbnail","hentry","category-barra","category-la-voz-del-pueblo","tag-circulos-de-aprendizaje","tag-unicef"],"_links":{"self":[{"href":"https:\/\/contraluzcucuta.co\/index.php?rest_route=\/wp\/v2\/posts\/37435","targetHints":{"allow":["GET"]}}],"collection":[{"href":"https:\/\/contraluzcucuta.co\/index.php?rest_route=\/wp\/v2\/posts"}],"about":[{"href":"https:\/\/contraluzcucuta.co\/index.php?rest_route=\/wp\/v2\/types\/post"}],"author":[{"embeddable":true,"href":"https:\/\/contraluzcucuta.co\/index.php?rest_route=\/wp\/v2\/users\/1"}],"replies":[{"embeddable":true,"href":"https:\/\/contraluzcucuta.co\/index.php?rest_route=%2Fwp%2Fv2%2Fcomments&post=37435"}],"version-history":[{"count":1,"href":"https:\/\/contraluzcucuta.co\/index.php?rest_route=\/wp\/v2\/posts\/37435\/revisions"}],"predecessor-version":[{"id":37439,"href":"https:\/\/contraluzcucuta.co\/index.php?rest_route=\/wp\/v2\/posts\/37435\/revisions\/37439"}],"wp:featuredmedia":[{"embeddable":true,"href":"https:\/\/contraluzcucuta.co\/index.php?rest_route=\/wp\/v2\/media\/37436"}],"wp:attachment":[{"href":"https:\/\/contraluzcucuta.co\/index.php?rest_route=%2Fwp%2Fv2%2Fmedia&parent=37435"}],"wp:term":[{"taxonomy":"category","embeddable":true,"href":"https:\/\/contraluzcucuta.co\/index.php?rest_route=%2Fwp%2Fv2%2Fcategories&post=37435"},{"taxonomy":"post_tag","embeddable":true,"href":"https:\/\/contraluzcucuta.co\/index.php?rest_route=%2Fwp%2Fv2%2Ftags&post=37435"}],"curies":[{"name":"wp","href":"https:\/\/api.w.org\/{rel}","templated":true}]}}