{"id":37432,"date":"2021-12-10T15:31:57","date_gmt":"2021-12-10T20:31:57","guid":{"rendered":"http:\/\/contraluzcucuta.co\/?p=37432"},"modified":"2021-12-10T15:31:57","modified_gmt":"2021-12-10T20:31:57","slug":"proyecto-pamplona-cucuta-nuevos-hitos-por-la-union-de-dos-frentes-de-obra-de-dos-tuneles","status":"publish","type":"post","link":"https:\/\/contraluzcucuta.co\/?p=37432","title":{"rendered":"PROYECTO PAMPLONA-C\u00daCUTA. Nuevos hitos por la uni\u00f3n de dos frentes de obra de dos t\u00faneles"},"content":{"rendered":"<p style=\"padding-left: 40px; text-align: right;\"><strong><span style=\"color: #ff9900;\">PAMPLONA &#8211; Norte de Santander.- Dos nuevos hitos constructivos alcanz\u00f3 el proyecto Pamplona-C\u00facuta, concesionado por la Agencia Nacional de Infraestructura (ANI), al lograr el cale (uni\u00f3n de dos frentes de obra) de los t\u00faneles Pamplonita y de la Honda. Estos permitir\u00e1n, junto con el t\u00fanel de Pamplona, que Norte de Santander est\u00e9 mejor conectado con el interior de Colombia.<\/span><\/strong><\/p>\n<p>\u201cSon en total 2877 metros de t\u00faneles que se construyen en la regi\u00f3n y que traer\u00e1n desarrollo y progreso al departamento\u201d, indic\u00f3 \u00c1ngela Mar\u00eda Orozco, ministra de Transporte. El proyecto mejorar\u00e1 las condiciones para el transporte de carga y pasajeros, y disminuir\u00e1 costos de operaci\u00f3n.<\/p>\n<p>1.- T\u00fanel de Pamplonita. De 1071 metros, unidireccional (sentido Pamplona-C\u00facuta), ubicado en la Unidad Funcional 3. Presenta ejecuci\u00f3n del 35,37 %. Hace parte de la segunda calzada entre Pamplonita y El Diamante y dada su extensi\u00f3n se constituye en el segundo t\u00fanel para Norte de Santander.<\/p>\n<p>2.- T\u00fanel de la Honda. 406 metros, hace parte de la Unidad Funcional 5, comprendida entre La Don Juana y Los Acacios, y presenta avance de ejecuci\u00f3n del 30 %. Esta estructura unidireccional le dar\u00e1 continuidad a la segunda calzada que va de Pamplona a C\u00facuta en un tramo donde tambi\u00e9n se encuentran tres puentes claves para la conectividad de la regi\u00f3n.<\/p>\n<p>El cale simult\u00e1neo de estas dos estructuras implic\u00f3 el trabajo de dos equipos. Cerca de 130 obreros desarrollaron labores durante las 24 horas del d\u00eda para garantizar el avance de las obras en este punto del proyecto.<\/p>\n<p>El primer t\u00fanel de Norte de Santander, el de Pamplona, ubicado en la Unidad Funcional 1 del proyecto, es una moderna estructura bidireccional de 1400 metros y logr\u00f3 su cale en mayo pasado. A la fecha registra avance del 86,11 % y se encuentra en labores de revestimiento, impermeabilizaci\u00f3n, puesta de bases granulares y filtros, instalaci\u00f3n de pavimento en concreto r\u00edgido e instalaciones electromec\u00e1nicas.<\/p>\n<p>Las obras en este proyecto beneficiar\u00e1n a Pamplona, Pamplonita, Bochalema, Chin\u00e1cota y Los Patios. Esto representa m\u00e1s de 946.800 habitantes y traer\u00e1 grandes beneficios en t\u00e9rminos de ahorro de tiempos de viaje para los usuarios que lo transitan, en aproximadamente 20 minutos para veh\u00edculos pesados y de 35 minutos para veh\u00edculos livianos, lo que impacta en eficiencia, funcionalidad y productividad.<\/p>\n<p>El corredor vial Pamplona-C\u00facuta tiene una longitud de 62,6 kil\u00f3metros (origen-destino), la inversi\u00f3n es de $ 1,87 billones (Capex a diciembre 2020) y presenta avance del 52,20 % con corte a 15 de noviembre de 2021, con cerca de 84 frentes de obra activos.<\/p>\n<p>Contempla la construcci\u00f3n de 49,97 kil\u00f3metros de v\u00eda nueva (entre segunda calzada y calzada sencilla), la rehabilitaci\u00f3n de 51 kil\u00f3metros de calzada sencilla y 11 kil\u00f3metros de doble calzada entre Pamplona y Betania (Los Patios).<\/p>\n<p>A la fecha, 3100 trabajadores contribuyen al desarrollo y la ejecuci\u00f3n de las seis unidades funcionales que integran el proyecto, que va desde Pamplona hasta Los Patios. El 65 % pertenece al \u00e1rea de influencia.<\/p>\n","protected":false},"excerpt":{"rendered":"<p>PAMPLONA &#8211; Norte de Santander.- Dos nuevos hitos constructivos alcanz\u00f3 el proyecto Pamplona-C\u00facuta, concesionado por la Agencia Nacional de Infraestructura (ANI), al lograr el cale (uni\u00f3n de dos frentes de obra) de los t\u00faneles Pamplonita y de la Honda. Estos permitir\u00e1n, junto con el t\u00fanel de Pamplona, que Norte de Santander est\u00e9 mejor conectado con &hellip;<\/p>\n","protected":false},"author":1,"featured_media":37433,"comment_status":"open","ping_status":"open","sticky":false,"template":"","format":"standard","meta":{"footnotes":""},"categories":[4,6],"tags":[487,4892,5137],"class_list":["post-37432","post","type-post","status-publish","format-standard","has-post-thumbnail","hentry","category-barra","category-ojo-avizor","tag-ani","tag-corredor-vial","tag-proyecto-pamplona-cucuta"],"_links":{"self":[{"href":"https:\/\/contraluzcucuta.co\/index.php?rest_route=\/wp\/v2\/posts\/37432","targetHints":{"allow":["GET"]}}],"collection":[{"href":"https:\/\/contraluzcucuta.co\/index.php?rest_route=\/wp\/v2\/posts"}],"about":[{"href":"https:\/\/contraluzcucuta.co\/index.php?rest_route=\/wp\/v2\/types\/post"}],"author":[{"embeddable":true,"href":"https:\/\/contraluzcucuta.co\/index.php?rest_route=\/wp\/v2\/users\/1"}],"replies":[{"embeddable":true,"href":"https:\/\/contraluzcucuta.co\/index.php?rest_route=%2Fwp%2Fv2%2Fcomments&post=37432"}],"version-history":[{"count":1,"href":"https:\/\/contraluzcucuta.co\/index.php?rest_route=\/wp\/v2\/posts\/37432\/revisions"}],"predecessor-version":[{"id":37434,"href":"https:\/\/contraluzcucuta.co\/index.php?rest_route=\/wp\/v2\/posts\/37432\/revisions\/37434"}],"wp:featuredmedia":[{"embeddable":true,"href":"https:\/\/contraluzcucuta.co\/index.php?rest_route=\/wp\/v2\/media\/37433"}],"wp:attachment":[{"href":"https:\/\/contraluzcucuta.co\/index.php?rest_route=%2Fwp%2Fv2%2Fmedia&parent=37432"}],"wp:term":[{"taxonomy":"category","embeddable":true,"href":"https:\/\/contraluzcucuta.co\/index.php?rest_route=%2Fwp%2Fv2%2Fcategories&post=37432"},{"taxonomy":"post_tag","embeddable":true,"href":"https:\/\/contraluzcucuta.co\/index.php?rest_route=%2Fwp%2Fv2%2Ftags&post=37432"}],"curies":[{"name":"wp","href":"https:\/\/api.w.org\/{rel}","templated":true}]}}