{"id":37376,"date":"2021-11-25T19:37:59","date_gmt":"2021-11-26T00:37:59","guid":{"rendered":"http:\/\/contraluzcucuta.co\/?p=37376"},"modified":"2021-11-25T19:37:59","modified_gmt":"2021-11-26T00:37:59","slug":"iglesia-catolica-empresario-cucuteno-recibe-diaconado-en-el-opus-dei","status":"publish","type":"post","link":"https:\/\/contraluzcucuta.co\/?p=37376","title":{"rendered":"IGLESIA CAT\u00d3LICA. Empresario cucute\u00f1o recibe diaconado en el Opus Dei"},"content":{"rendered":"<p style=\"padding-left: 40px; text-align: right;\"><strong><span style=\"color: #ff9900;\">BOGOT\u00c1.- Un m\u00e9dico y un empresario. Ellos son Pedro y David, los nuevos di\u00e1conos colombianos del Opus Dei recibieron su ordenaci\u00f3n diaconal el 20 de noviembre y la ordenaci\u00f3n sacerdotal ser\u00e1 el 21 de mayo de 2022. Uno, desde la sala del quir\u00f3fano. El otro, desde el despacho del gerente. Ahora, los dos son di\u00e1conos, ordenados para servir al pueblo de Dios.<\/span><\/strong><\/p>\n<p>David, de 36 a\u00f1os, es cucute\u00f1o de origen. All\u00ed estudi\u00f3 el colegio, pero despu\u00e9s se traslad\u00f3 a Bogot\u00e1 para convertirse en administrador de empresas de la Universidad de Los Andes.<\/p>\n<p>Asentado en la capital de la Rep\u00fablica, trabaj\u00f3 en varias empresas, comenz\u00f3 diferentes emprendimientos y conoci\u00f3 su vocaci\u00f3n al Opus Dei. Despu\u00e9s de unos a\u00f1os en Roma, se traslad\u00f3 a Pamplona (Espa\u00f1a), para trabajar su doctorado en filosof\u00eda.<\/p>\n<p>El nuevo di\u00e1cono es experto en el sector de retail y tiene amplia experiencia en canales de distribuci\u00f3n. Ahora, con la llamada al sacerdocio, se ha convertido en instrumento para distribuir la gracia de Dios a mucha gente, mediante los sacramentos y para hacer llegar la Palabra a la mayor cantidad posible de personas.<\/p>\n<p>\u201cComo en el momento en el que comenc\u00e9 la carrera, tengo mucha ilusi\u00f3n de emprender nuevos proyectos, pero esta vez de la mano de Dios, dej\u00e1ndome llevar por donde \u00c9l considere\u201d, dijo David, haciendo alusi\u00f3n a la relaci\u00f3n entre la trayectoria profesional y la llamada al sacerdocio.<\/p>\n<p>Despu\u00e9s de terminar los estudios, si Dios quiere, podr\u00eda volver a Colombia a ejercer el sacerdocio. Por ahora, durante seis meses de diaconado, se acoge a la oraci\u00f3n de los compatriotas para hacer fructificar las gracias recibidas de Dios.<\/p>\n<p>En el proceso de preparaci\u00f3n recibi\u00f3 el diaconado de manos de monse\u00f1or Jos\u00e9 Mar\u00eda Yanguas, obispo de Cuenca (Espa\u00f1a).<\/p>\n<p><a href=\"https:\/\/contraluzcucuta.co\/wp-content\/uploads\/2021\/11\/DIACONO-OPUS-DEI-PEDRO.jpg\"><img loading=\"lazy\" decoding=\"async\" class=\"alignnone size-medium wp-image-37378 alignleft\" src=\"https:\/\/contraluzcucuta.co\/wp-content\/uploads\/2021\/11\/DIACONO-OPUS-DEI-PEDRO-300x169.jpg\" alt=\"\" width=\"300\" height=\"169\" srcset=\"https:\/\/contraluzcucuta.co\/wp-content\/uploads\/2021\/11\/DIACONO-OPUS-DEI-PEDRO-300x169.jpg 300w, https:\/\/contraluzcucuta.co\/wp-content\/uploads\/2021\/11\/DIACONO-OPUS-DEI-PEDRO-600x338.jpg 600w, https:\/\/contraluzcucuta.co\/wp-content\/uploads\/2021\/11\/DIACONO-OPUS-DEI-PEDRO-1024x576.jpg 1024w, https:\/\/contraluzcucuta.co\/wp-content\/uploads\/2021\/11\/DIACONO-OPUS-DEI-PEDRO-768x432.jpg 768w, https:\/\/contraluzcucuta.co\/wp-content\/uploads\/2021\/11\/DIACONO-OPUS-DEI-PEDRO.jpg 1280w\" sizes=\"auto, (max-width: 300px) 100vw, 300px\" \/><\/a><\/p>\n<p>Pedro (30 a\u00f1os) es bogotano y m\u00e9dico de profesi\u00f3n. Egresado del Gimnasio de Los Cerros (Bogot\u00e1). Los estudios lo han llevado de un lugar a otro: hizo la primera parte de la carrera en la Universidad de La Sabana y la segunda en la Universidad del Valle.<\/p>\n<p>Despu\u00e9s, Roma, para el bachillerato en teolog\u00eda. Y ahora, Pamplona (Espa\u00f1a), donde est\u00e1 en proceso de elaboraci\u00f3n de la tesis de doctorado en teolog\u00eda moral.<\/p>\n<p>\u00bfQu\u00e9 es el diaconado?<\/p>\n<p>Es el primer grado del sacramento del orden. Tiene como eje principal el servicio. En particular, los di\u00e1conos est\u00e1n llamados a prestar el servicio de la Palabra de Dios y el servicio de la Eucarist\u00eda. En el caso de quienes est\u00e1n llamados al sacerdocio, la etapa del diaconado es importante para profundizar las disposiciones personales para vivir seg\u00fan la Voluntad de Dios.<\/p>\n<p><strong>LUIS MIGUEL BRAVO<\/strong><\/p>\n","protected":false},"excerpt":{"rendered":"<p>BOGOT\u00c1.- Un m\u00e9dico y un empresario. Ellos son Pedro y David, los nuevos di\u00e1conos colombianos del Opus Dei recibieron su ordenaci\u00f3n diaconal el 20 de noviembre y la ordenaci\u00f3n sacerdotal ser\u00e1 el 21 de mayo de 2022. Uno, desde la sala del quir\u00f3fano. El otro, desde el despacho del gerente. Ahora, los dos son di\u00e1conos, &hellip;<\/p>\n","protected":false},"author":1,"featured_media":37377,"comment_status":"open","ping_status":"open","sticky":false,"template":"","format":"standard","meta":{"footnotes":""},"categories":[45,4],"tags":[5317,1211],"class_list":["post-37376","post","type-post","status-publish","format-standard","has-post-thumbnail","hentry","category-destacado","category-barra","tag-diacono-cucuteno","tag-opus-dei"],"_links":{"self":[{"href":"https:\/\/contraluzcucuta.co\/index.php?rest_route=\/wp\/v2\/posts\/37376","targetHints":{"allow":["GET"]}}],"collection":[{"href":"https:\/\/contraluzcucuta.co\/index.php?rest_route=\/wp\/v2\/posts"}],"about":[{"href":"https:\/\/contraluzcucuta.co\/index.php?rest_route=\/wp\/v2\/types\/post"}],"author":[{"embeddable":true,"href":"https:\/\/contraluzcucuta.co\/index.php?rest_route=\/wp\/v2\/users\/1"}],"replies":[{"embeddable":true,"href":"https:\/\/contraluzcucuta.co\/index.php?rest_route=%2Fwp%2Fv2%2Fcomments&post=37376"}],"version-history":[{"count":1,"href":"https:\/\/contraluzcucuta.co\/index.php?rest_route=\/wp\/v2\/posts\/37376\/revisions"}],"predecessor-version":[{"id":37379,"href":"https:\/\/contraluzcucuta.co\/index.php?rest_route=\/wp\/v2\/posts\/37376\/revisions\/37379"}],"wp:featuredmedia":[{"embeddable":true,"href":"https:\/\/contraluzcucuta.co\/index.php?rest_route=\/wp\/v2\/media\/37377"}],"wp:attachment":[{"href":"https:\/\/contraluzcucuta.co\/index.php?rest_route=%2Fwp%2Fv2%2Fmedia&parent=37376"}],"wp:term":[{"taxonomy":"category","embeddable":true,"href":"https:\/\/contraluzcucuta.co\/index.php?rest_route=%2Fwp%2Fv2%2Fcategories&post=37376"},{"taxonomy":"post_tag","embeddable":true,"href":"https:\/\/contraluzcucuta.co\/index.php?rest_route=%2Fwp%2Fv2%2Ftags&post=37376"}],"curies":[{"name":"wp","href":"https:\/\/api.w.org\/{rel}","templated":true}]}}