{"id":37366,"date":"2021-11-22T15:15:30","date_gmt":"2021-11-22T20:15:30","guid":{"rendered":"http:\/\/contraluzcucuta.co\/?p=37366"},"modified":"2021-11-22T15:15:30","modified_gmt":"2021-11-22T20:15:30","slug":"salud-alucinaciones-depresion-y-alopecia-secuelas-extranas-del-covid-19","status":"publish","type":"post","link":"https:\/\/contraluzcucuta.co\/?p=37366","title":{"rendered":"SALUD. Alucinaciones, depresi\u00f3n y alopecia, secuelas extra\u00f1as del Covid-19"},"content":{"rendered":"<p style=\"padding-left: 40px; text-align: right;\"><strong><span style=\"color: #ff9900;\">BOGOT\u00c1.- El Covid-19 es una enfermedad que produce un espectro amplio de s\u00edntomas.\u00a0 Algunos de los m\u00e1s comunes asociados al virus son tos, fiebre, dificultad para respirar y p\u00e9rdida del gusto y del olfato. Tambi\u00e9n, existen otros menos comunes, diarrea, n\u00e1useas, inapetencia, mareos, confusi\u00f3n, alucinaciones, trastorno del olfato, sordera parcial, sarpullido y urticaria y dedos del pie.<\/span><\/strong><\/p>\n<p>Rodolfo Rodr\u00edguez, epidemi\u00f3logo, dijo que existen otros s\u00edntomas menos comunes, entre los que destacan resequedad en los ojos y la boca, complicaciones neurol\u00f3gicas, depresi\u00f3n, fibrosis pulmonar y alopecia.<\/p>\n<p>Entre las secuelas extra\u00f1as que ha dejado el Covid-19 resaltan:<\/p>\n<p>1.- Pacientes con trombosis del seno venoso cerebral con delirio agudo<\/p>\n<p>2.- Miocarditis con falla card\u00edaca<\/p>\n<p>3.- Tormenta tiroidea<\/p>\n<p>4.- Par\u00e1lisis del nervio hipogloso<\/p>\n<p>5.- En ni\u00f1os, S\u00edndrome Inflamatorio Multisist\u00e9mico (MIS-C).<\/p>\n<p>Del 10 al 20 % de los pacientes que tienen infecci\u00f3n por SARS-CoV-2 pueden presentar efectos de la enfermedad tras 12 meses de haber sido diagnosticados.<\/p>\n<p>Muchas de las secuelas corresponden a condiciones cl\u00ednicas particulares que requieren tratamiento especializado y, en algunos casos, interdisciplinario.<\/p>\n<p><a href=\"https:\/\/contraluzcucuta.co\/wp-content\/uploads\/2021\/11\/SALUD-2.jpg\"><img loading=\"lazy\" decoding=\"async\" class=\"alignnone size-medium wp-image-37368 alignleft\" src=\"https:\/\/contraluzcucuta.co\/wp-content\/uploads\/2021\/11\/SALUD-2-300x225.jpg\" alt=\"\" width=\"300\" height=\"225\" srcset=\"https:\/\/contraluzcucuta.co\/wp-content\/uploads\/2021\/11\/SALUD-2-300x225.jpg 300w, https:\/\/contraluzcucuta.co\/wp-content\/uploads\/2021\/11\/SALUD-2-600x450.jpg 600w, https:\/\/contraluzcucuta.co\/wp-content\/uploads\/2021\/11\/SALUD-2.jpg 626w\" sizes=\"auto, (max-width: 300px) 100vw, 300px\" \/><\/a><\/p>\n<p>Rodr\u00edguez se\u00f1al\u00f3 que, en el contexto de la medicina, la variabilidad es innata a los procesos cl\u00ednicos. Todo se relaciona con escenarios multifactoriales en los que intervienen factores biol\u00f3gicos (sexo y edad) y condiciones fisiol\u00f3gicas, gen\u00e9ticas, inmunol\u00f3gicas y virol\u00f3gicas, entre otras, que influyen en que el Covid-19 presente un espectro variado de s\u00edntomas.<\/p>\n<p>Otros s\u00edntomas menos frecuentes o at\u00edpicos han ocurrido en el pa\u00eds y en el mundo. \u201cEn cierto grado, lo reportado a nivel local se asemeja a lo reportado en la literatura internacional. Entre los s\u00edntomas menos comunes est\u00e1n la conjuntivitis, la p\u00e9rdida del sentido del gusto o el olfato, la confusi\u00f3n y las alucinaciones\u201d, sostuvo Rodr\u00edguez.<\/p>\n<p>Estudios recientes sugieren que los s\u00edntomas de infecci\u00f3n temprana pueden diferir entre grupos de edad y seg\u00fan sexo, contrastes que parecen ser m\u00e1s notables entre los 16 y 59 a\u00f1os, comparado con grupos de mayor edad. Para mayores de 60 a\u00f1os, la p\u00e9rdida del olfato parece ser menos significativa y resulta nada relevante para mayores de 80 a\u00f1os, mientras que, para este \u00faltimo grupo, la diarrea es un s\u00edntoma determinante.<\/p>\n<p>Los hombres han presentado mayor probabilidad de disnea, fatiga y escalofr\u00edos, mientras que las mujeres presentan con mayor frecuencia la p\u00e9rdida del olfato, dolor tor\u00e1cico y tos persistente.<\/p>\n","protected":false},"excerpt":{"rendered":"<p>BOGOT\u00c1.- El Covid-19 es una enfermedad que produce un espectro amplio de s\u00edntomas.\u00a0 Algunos de los m\u00e1s comunes asociados al virus son tos, fiebre, dificultad para respirar y p\u00e9rdida del gusto y del olfato. Tambi\u00e9n, existen otros menos comunes, diarrea, n\u00e1useas, inapetencia, mareos, confusi\u00f3n, alucinaciones, trastorno del olfato, sordera parcial, sarpullido y urticaria y dedos &hellip;<\/p>\n","protected":false},"author":1,"featured_media":37367,"comment_status":"open","ping_status":"open","sticky":false,"template":"","format":"standard","meta":{"footnotes":""},"categories":[45,4],"tags":[4833,5312,5311],"class_list":["post-37366","post","type-post","status-publish","format-standard","has-post-thumbnail","hentry","category-destacado","category-barra","tag-covid19","tag-salud-general","tag-value"],"_links":{"self":[{"href":"https:\/\/contraluzcucuta.co\/index.php?rest_route=\/wp\/v2\/posts\/37366","targetHints":{"allow":["GET"]}}],"collection":[{"href":"https:\/\/contraluzcucuta.co\/index.php?rest_route=\/wp\/v2\/posts"}],"about":[{"href":"https:\/\/contraluzcucuta.co\/index.php?rest_route=\/wp\/v2\/types\/post"}],"author":[{"embeddable":true,"href":"https:\/\/contraluzcucuta.co\/index.php?rest_route=\/wp\/v2\/users\/1"}],"replies":[{"embeddable":true,"href":"https:\/\/contraluzcucuta.co\/index.php?rest_route=%2Fwp%2Fv2%2Fcomments&post=37366"}],"version-history":[{"count":1,"href":"https:\/\/contraluzcucuta.co\/index.php?rest_route=\/wp\/v2\/posts\/37366\/revisions"}],"predecessor-version":[{"id":37369,"href":"https:\/\/contraluzcucuta.co\/index.php?rest_route=\/wp\/v2\/posts\/37366\/revisions\/37369"}],"wp:featuredmedia":[{"embeddable":true,"href":"https:\/\/contraluzcucuta.co\/index.php?rest_route=\/wp\/v2\/media\/37367"}],"wp:attachment":[{"href":"https:\/\/contraluzcucuta.co\/index.php?rest_route=%2Fwp%2Fv2%2Fmedia&parent=37366"}],"wp:term":[{"taxonomy":"category","embeddable":true,"href":"https:\/\/contraluzcucuta.co\/index.php?rest_route=%2Fwp%2Fv2%2Fcategories&post=37366"},{"taxonomy":"post_tag","embeddable":true,"href":"https:\/\/contraluzcucuta.co\/index.php?rest_route=%2Fwp%2Fv2%2Ftags&post=37366"}],"curies":[{"name":"wp","href":"https:\/\/api.w.org\/{rel}","templated":true}]}}