{"id":37340,"date":"2021-11-18T19:31:36","date_gmt":"2021-11-19T00:31:36","guid":{"rendered":"http:\/\/contraluzcucuta.co\/?p=37340"},"modified":"2021-11-18T19:31:36","modified_gmt":"2021-11-19T00:31:36","slug":"biblioteca-publica-el-morral-viajero-llegara-a-30-bibliotecas-de-norte-de-santander","status":"publish","type":"post","link":"https:\/\/contraluzcucuta.co\/?p=37340","title":{"rendered":"BIBLIOTECA P\u00daBLICA. El morral viajero llegar\u00e1 a 30 bibliotecas de Norte de Santander"},"content":{"rendered":"<p style=\"padding-left: 40px; text-align: right;\"><strong><span style=\"color: #ff9900;\">C\u00daCUTA.- Treinta bibliotecas de Norte de Santander ser\u00e1n dotadas con un morral viajero, que contendr\u00e1 25 libros de las categor\u00edas memoria, convivencia y enfoque de g\u00e9nero. Adem\u00e1s, se entregar\u00e1 material pedag\u00f3gico y multimedia para ser difundido con ni\u00f1os, j\u00f3venes, mujeres y adultos. El objetivo de la entrega de estos implementos es llegar a comunidades distantes y sin f\u00e1cil acceso a las bibliotecas y a la lectura.<\/span><\/strong><\/p>\n<p>En agosto, comenz\u00f3 la movilizaci\u00f3n mediante acuerdos con alcald\u00edas, enlaces de v\u00edctimas, bibliotecarios y aliados estrat\u00e9gicos. Actualmente se desarrolla la construcci\u00f3n participativa del Programa de Lectura, eje central del proyecto, y que tendr\u00e1 la presentaci\u00f3n oficial el 2 de diciembre en C\u00facuta.<\/p>\n<p>Otro incentivo que obtendr\u00e1n las bibliotecas con la apuesta, consiste en 10 rincones de lectura ubicados en las bibliotecas de Tib\u00fa, El Tarra, Teorama, Sardinata, Oca\u00f1a, C\u00facuta, Los patios, Villa del Rosario, el Zulia y Toledo.<\/p>\n<p>La Corporaci\u00f3n Cultural Biblioteca P\u00fablica Julio P\u00e9rez Ferrero lidera procesos de memoria hist\u00f3rica en Norte de Santander. La acci\u00f3n se cumple desde el 2016 en alianza con el programa ProPaz l de la Agencia de Cooperaci\u00f3n Alemana GIZ. Estos esfuerzos han permitido la apropiaci\u00f3n de los escenarios bibliotecarios como centros de encuentro, socializaci\u00f3n y di\u00e1logo comunitario.<\/p>\n<figure id=\"attachment_37342\" aria-describedby=\"caption-attachment-37342\" style=\"width: 300px\" class=\"wp-caption alignleft\"><a href=\"https:\/\/contraluzcucuta.co\/wp-content\/uploads\/2021\/11\/MORRAL-VIAJERO-2.jpg\"><img loading=\"lazy\" decoding=\"async\" class=\"size-medium wp-image-37342\" src=\"https:\/\/contraluzcucuta.co\/wp-content\/uploads\/2021\/11\/MORRAL-VIAJERO-2-300x200.jpg\" alt=\"\" width=\"300\" height=\"200\" srcset=\"https:\/\/contraluzcucuta.co\/wp-content\/uploads\/2021\/11\/MORRAL-VIAJERO-2-300x200.jpg 300w, https:\/\/contraluzcucuta.co\/wp-content\/uploads\/2021\/11\/MORRAL-VIAJERO-2-600x400.jpg 600w, https:\/\/contraluzcucuta.co\/wp-content\/uploads\/2021\/11\/MORRAL-VIAJERO-2-1024x682.jpg 1024w, https:\/\/contraluzcucuta.co\/wp-content\/uploads\/2021\/11\/MORRAL-VIAJERO-2-768x512.jpg 768w, https:\/\/contraluzcucuta.co\/wp-content\/uploads\/2021\/11\/MORRAL-VIAJERO-2.jpg 1280w\" sizes=\"auto, (max-width: 300px) 100vw, 300px\" \/><\/a><figcaption id=\"caption-attachment-37342\" class=\"wp-caption-text\"><em>Con apoyo de las redes de bibliotecas de C\u00facuta y Norte de Santander se espera fortalecer los procesos de memoria hist\u00f3rica.<\/em><\/figcaption><\/figure>\n<p>La apuesta inicial de la cooperaci\u00f3n fue el programa Haciendo Memoria en Bibliotecas P\u00fablicas. Se desarroll\u00f3 con el objetivo de promover la reconciliaci\u00f3n mediante iniciativas de memoria, para aportar a la verdad, al reconocimiento y a la reconstrucci\u00f3n de la identidad colectiva en la regi\u00f3n.<\/p>\n<p>Se trabaj\u00f3 en la creaci\u00f3n de la plataforma web y la aplicaci\u00f3n m\u00f3vil para que entidades, organizaciones de v\u00edctimas y movimientos juveniles visibilizaran y promovieran las iniciativas de memoria hist\u00f3rica. Para el 2020, y en medio de la pandemia, se llev\u00f3 a cabo la presentaci\u00f3n de Mi Norte App.<\/p>\n<p>El programa ProPaz ll de la GIZ contin\u00faa el trabajo de construcci\u00f3n de paz en el territorio. Esta vez con el proyecto Bibliotecas P\u00fablicas Lugares de Memoria, Convivencia y Reconciliaci\u00f3n. Con apoyo de las redes de bibliotecas de C\u00facuta y Norte de Santander, que tienen incidencia en los 40 municipios del departamento con 60 unidades adscritas, se espera fortalecer los procesos de memoria hist\u00f3rica.<\/p>\n<p>En esta fase inicial se focalizaron 10 municipios, 5 de El Catatumbo y 5 del \u00c1rea Metropolitana de C\u00facuta.<\/p>\n","protected":false},"excerpt":{"rendered":"<p>C\u00daCUTA.- Treinta bibliotecas de Norte de Santander ser\u00e1n dotadas con un morral viajero, que contendr\u00e1 25 libros de las categor\u00edas memoria, convivencia y enfoque de g\u00e9nero. Adem\u00e1s, se entregar\u00e1 material pedag\u00f3gico y multimedia para ser difundido con ni\u00f1os, j\u00f3venes, mujeres y adultos. El objetivo de la entrega de estos implementos es llegar a comunidades distantes &hellip;<\/p>\n","protected":false},"author":1,"featured_media":37341,"comment_status":"open","ping_status":"open","sticky":false,"template":"","format":"standard","meta":{"footnotes":""},"categories":[4,37],"tags":[1168,5303,4599,5304],"class_list":["post-37340","post","type-post","status-publish","format-standard","has-post-thumbnail","hentry","category-barra","category-paseo-cultural","tag-biblioteca-publica-julio-perez-ferrero","tag-morral-viajero","tag-paseo-cultural","tag-propaz"],"_links":{"self":[{"href":"https:\/\/contraluzcucuta.co\/index.php?rest_route=\/wp\/v2\/posts\/37340","targetHints":{"allow":["GET"]}}],"collection":[{"href":"https:\/\/contraluzcucuta.co\/index.php?rest_route=\/wp\/v2\/posts"}],"about":[{"href":"https:\/\/contraluzcucuta.co\/index.php?rest_route=\/wp\/v2\/types\/post"}],"author":[{"embeddable":true,"href":"https:\/\/contraluzcucuta.co\/index.php?rest_route=\/wp\/v2\/users\/1"}],"replies":[{"embeddable":true,"href":"https:\/\/contraluzcucuta.co\/index.php?rest_route=%2Fwp%2Fv2%2Fcomments&post=37340"}],"version-history":[{"count":1,"href":"https:\/\/contraluzcucuta.co\/index.php?rest_route=\/wp\/v2\/posts\/37340\/revisions"}],"predecessor-version":[{"id":37343,"href":"https:\/\/contraluzcucuta.co\/index.php?rest_route=\/wp\/v2\/posts\/37340\/revisions\/37343"}],"wp:featuredmedia":[{"embeddable":true,"href":"https:\/\/contraluzcucuta.co\/index.php?rest_route=\/wp\/v2\/media\/37341"}],"wp:attachment":[{"href":"https:\/\/contraluzcucuta.co\/index.php?rest_route=%2Fwp%2Fv2%2Fmedia&parent=37340"}],"wp:term":[{"taxonomy":"category","embeddable":true,"href":"https:\/\/contraluzcucuta.co\/index.php?rest_route=%2Fwp%2Fv2%2Fcategories&post=37340"},{"taxonomy":"post_tag","embeddable":true,"href":"https:\/\/contraluzcucuta.co\/index.php?rest_route=%2Fwp%2Fv2%2Ftags&post=37340"}],"curies":[{"name":"wp","href":"https:\/\/api.w.org\/{rel}","templated":true}]}}