{"id":37337,"date":"2021-11-18T19:04:54","date_gmt":"2021-11-19T00:04:54","guid":{"rendered":"http:\/\/contraluzcucuta.co\/?p=37337"},"modified":"2021-11-18T19:04:54","modified_gmt":"2021-11-19T00:04:54","slug":"fenavi-granjas-avicolas-en-norte-de-santander-productivas-y-competitivas","status":"publish","type":"post","link":"https:\/\/contraluzcucuta.co\/?p=37337","title":{"rendered":"FENAVI. Granjas av\u00edcolas en Norte de Santander, productivas y competitivas"},"content":{"rendered":"<p style=\"padding-left: 40px; text-align: right;\"><strong><span style=\"color: #ff9900;\">C\u00daCUTA.- Con jornadas de vigilancia y toma de muestras en granjas av\u00edcolas comerciales de C\u00facuta, Villa del Rosario, Los Patios, Chin\u00e1cota, Bochalema, El Zulia y Oca\u00f1a, el ICA trabaja con los avicultores en prevenci\u00f3n de enfermedades de control oficial, como influenza aviar y Newcastle para contribuir al fortalecimiento de la producci\u00f3n en el departamento.<\/span><\/strong><\/p>\n<p>Funcionarios del ICA y Fenavi coordinan y efect\u00faan las visitas a los predios av\u00edcolas comerciales con representantes legales de las empresas av\u00edcolas o los productores, de acuerdo con los protocolos t\u00e9cnicos definidos para los predios av\u00edcolas comerciales.<\/p>\n<p>El diagn\u00f3stico oportuno de las enfermedades minimiza el impacto negativo en las \u00e1reas sanitarias, econ\u00f3micas, sociales y ambientales aplicando con rigurosidad el protocolo de bioseguridad para los establecimientos comerciales av\u00edcolas.<\/p>\n","protected":false},"excerpt":{"rendered":"<p>C\u00daCUTA.- Con jornadas de vigilancia y toma de muestras en granjas av\u00edcolas comerciales de C\u00facuta, Villa del Rosario, Los Patios, Chin\u00e1cota, Bochalema, El Zulia y Oca\u00f1a, el ICA trabaja con los avicultores en prevenci\u00f3n de enfermedades de control oficial, como influenza aviar y Newcastle para contribuir al fortalecimiento de la producci\u00f3n en el departamento. Funcionarios &hellip;<\/p>\n","protected":false},"author":1,"featured_media":37338,"comment_status":"open","ping_status":"open","sticky":false,"template":"","format":"standard","meta":{"footnotes":""},"categories":[4,32],"tags":[5301,5302,3711],"class_list":["post-37337","post","type-post","status-publish","format-standard","has-post-thumbnail","hentry","category-barra","category-recorrido-por-la-region","tag-fenavi","tag-granjas-avicolas","tag-ica"],"_links":{"self":[{"href":"https:\/\/contraluzcucuta.co\/index.php?rest_route=\/wp\/v2\/posts\/37337","targetHints":{"allow":["GET"]}}],"collection":[{"href":"https:\/\/contraluzcucuta.co\/index.php?rest_route=\/wp\/v2\/posts"}],"about":[{"href":"https:\/\/contraluzcucuta.co\/index.php?rest_route=\/wp\/v2\/types\/post"}],"author":[{"embeddable":true,"href":"https:\/\/contraluzcucuta.co\/index.php?rest_route=\/wp\/v2\/users\/1"}],"replies":[{"embeddable":true,"href":"https:\/\/contraluzcucuta.co\/index.php?rest_route=%2Fwp%2Fv2%2Fcomments&post=37337"}],"version-history":[{"count":1,"href":"https:\/\/contraluzcucuta.co\/index.php?rest_route=\/wp\/v2\/posts\/37337\/revisions"}],"predecessor-version":[{"id":37339,"href":"https:\/\/contraluzcucuta.co\/index.php?rest_route=\/wp\/v2\/posts\/37337\/revisions\/37339"}],"wp:featuredmedia":[{"embeddable":true,"href":"https:\/\/contraluzcucuta.co\/index.php?rest_route=\/wp\/v2\/media\/37338"}],"wp:attachment":[{"href":"https:\/\/contraluzcucuta.co\/index.php?rest_route=%2Fwp%2Fv2%2Fmedia&parent=37337"}],"wp:term":[{"taxonomy":"category","embeddable":true,"href":"https:\/\/contraluzcucuta.co\/index.php?rest_route=%2Fwp%2Fv2%2Fcategories&post=37337"},{"taxonomy":"post_tag","embeddable":true,"href":"https:\/\/contraluzcucuta.co\/index.php?rest_route=%2Fwp%2Fv2%2Ftags&post=37337"}],"curies":[{"name":"wp","href":"https:\/\/api.w.org\/{rel}","templated":true}]}}