{"id":37330,"date":"2021-11-18T18:30:33","date_gmt":"2021-11-18T23:30:33","guid":{"rendered":"http:\/\/contraluzcucuta.co\/?p=37330"},"modified":"2021-11-18T18:34:49","modified_gmt":"2021-11-18T23:34:49","slug":"conversatorios-cpc-el-mayor-consumo-de-sustancias-sicoactivas-en-cucuta-es-de-bazuco-y-heroina","status":"publish","type":"post","link":"https:\/\/contraluzcucuta.co\/?p=37330","title":{"rendered":"CONVERSATORIOS CPC. El mayor consumo de sustancias sicoactivas en C\u00facuta es de bazuco y hero\u00edna"},"content":{"rendered":"<p style=\"padding-left: 40px; text-align: right;\"><strong><span style=\"color: #ff9900;\">C\u00daCUTA.- El C\u00edrculo de Periodistas de C\u00facuta (CPC) abri\u00f3 un espacio para reflexionar acerca de los habitantes de calle, problema que ha crecido en los \u00faltimos a\u00f1os. La imagen de hombres y mujeres que deambulan por la ciudad genera una percepci\u00f3n de pobreza e inseguridad.<\/span><\/strong><\/p>\n<p>Los panelistas invitados para analizar esta situaci\u00f3n que afecta a los residentes en la capital de Norte de Santander fueron:<\/p>\n<ol>\n<li>Wilfredo Grajales Rosas. Ex director del Instituto Distrital para la Protecci\u00f3n de la Ni\u00f1ez y la Juventud (Idipron), de Bogot\u00e1.<\/li>\n<li>Jes\u00fas Emilio Rinc\u00f3n. Gerente de la ESE Hospital Mental Rudesindo Soto.<\/li>\n<li>Juli\u00e1n Toro. Subgerente de Servicios de Salud de la ESE Hospital Mental Rudesindo Soto.<\/li>\n<\/ol>\n<p>Grajales llam\u00f3 la atenci\u00f3n sobre la necesidad de atender a los habitantes de calle desde el punto de vista humano y social, con pol\u00edticas p\u00fablicas y recursos econ\u00f3micos p\u00fablicos y privados. Y dise\u00f1ar e implementar programas que los recupere para la sociedad con nuevas oportunidades de vida.<\/p>\n<p>El Conversatorio se desarroll\u00f3 en la biblioteca p\u00fablica Julio P\u00e9rez Ferrero con auspicio de la Fundaci\u00f3n Premio Nacional de Periodismo La Bagatela. Los periodistas Cicer\u00f3n Fl\u00f3rez y Patricia Giraldo fueron los encargados de moderar la actividad.<\/p>\n<p style=\"text-align: right; padding-left: 40px;\"><a href=\"https:\/\/contraluzcucuta.co\/wp-content\/uploads\/2021\/11\/CONVERSATORIOS-CPC-2.jpg\"><img loading=\"lazy\" decoding=\"async\" class=\"size-medium wp-image-37332 alignleft\" src=\"https:\/\/contraluzcucuta.co\/wp-content\/uploads\/2021\/11\/CONVERSATORIOS-CPC-2-300x225.jpg\" alt=\"\" width=\"300\" height=\"225\" srcset=\"https:\/\/contraluzcucuta.co\/wp-content\/uploads\/2021\/11\/CONVERSATORIOS-CPC-2-300x225.jpg 300w, https:\/\/contraluzcucuta.co\/wp-content\/uploads\/2021\/11\/CONVERSATORIOS-CPC-2-600x450.jpg 600w, https:\/\/contraluzcucuta.co\/wp-content\/uploads\/2021\/11\/CONVERSATORIOS-CPC-2-768x576.jpg 768w, https:\/\/contraluzcucuta.co\/wp-content\/uploads\/2021\/11\/CONVERSATORIOS-CPC-2.jpg 778w\" sizes=\"auto, (max-width: 300px) 100vw, 300px\" \/><\/a><\/p>\n<p>Rinc\u00f3n y Toro, funcionarios del Rudesindo Soto, hablaron acerca de las alternativas institucionales para acoger y rehabilitar al habitante de calle. Aclararon que el tratamiento para mitigar el consumo de Sustancias Psicoactivas (SPA) solo puede solicitarlo el interesado, y nunca de manera coactiva.<\/p>\n<p>El Hospital tiene convenios con ONG para brindar atenci\u00f3n integral al habitante de calle. El centro de salud mental tiene menos de 100 cupos de atenci\u00f3n. \u201cCon la Polic\u00eda, la Alcald\u00eda y el sector salud se ha identificado que el mayor consumo de SPA en C\u00facuta es de bazuco y hero\u00edna\u201d, dijo Rinc\u00f3n.<\/p>\n<p>Toro explic\u00f3 que hay una Ruta de Atenci\u00f3n en el programa de Farmacodependencia que maneja el Hospital para los habitantes de calle, que se ha intensificado en el periodo 2020-2021.<\/p>\n<p>Juan Jos\u00e9 Londo\u00f1o, coordinador del programa Ciudadano Habitante de Calle, de la administraci\u00f3n municipal, destac\u00f3 que se har\u00e1 un censo con personal del DANE en las 10 comunas de C\u00facuta, para caracterizar a esa poblaci\u00f3n.<\/p>\n","protected":false},"excerpt":{"rendered":"<p>C\u00daCUTA.- El C\u00edrculo de Periodistas de C\u00facuta (CPC) abri\u00f3 un espacio para reflexionar acerca de los habitantes de calle, problema que ha crecido en los \u00faltimos a\u00f1os. La imagen de hombres y mujeres que deambulan por la ciudad genera una percepci\u00f3n de pobreza e inseguridad. Los panelistas invitados para analizar esta situaci\u00f3n que afecta a &hellip;<\/p>\n","protected":false},"author":1,"featured_media":37331,"comment_status":"open","ping_status":"open","sticky":false,"template":"","format":"standard","meta":{"footnotes":""},"categories":[4,36],"tags":[5298,2953,5300,5299],"class_list":["post-37330","post","type-post","status-publish","format-standard","has-post-thumbnail","hentry","category-barra","category-la-voz-del-pueblo","tag-conversatorios-cpc","tag-habitantes-de-calle","tag-ley-1641-de-2013","tag-politica-publica"],"_links":{"self":[{"href":"https:\/\/contraluzcucuta.co\/index.php?rest_route=\/wp\/v2\/posts\/37330","targetHints":{"allow":["GET"]}}],"collection":[{"href":"https:\/\/contraluzcucuta.co\/index.php?rest_route=\/wp\/v2\/posts"}],"about":[{"href":"https:\/\/contraluzcucuta.co\/index.php?rest_route=\/wp\/v2\/types\/post"}],"author":[{"embeddable":true,"href":"https:\/\/contraluzcucuta.co\/index.php?rest_route=\/wp\/v2\/users\/1"}],"replies":[{"embeddable":true,"href":"https:\/\/contraluzcucuta.co\/index.php?rest_route=%2Fwp%2Fv2%2Fcomments&post=37330"}],"version-history":[{"count":4,"href":"https:\/\/contraluzcucuta.co\/index.php?rest_route=\/wp\/v2\/posts\/37330\/revisions"}],"predecessor-version":[{"id":37336,"href":"https:\/\/contraluzcucuta.co\/index.php?rest_route=\/wp\/v2\/posts\/37330\/revisions\/37336"}],"wp:featuredmedia":[{"embeddable":true,"href":"https:\/\/contraluzcucuta.co\/index.php?rest_route=\/wp\/v2\/media\/37331"}],"wp:attachment":[{"href":"https:\/\/contraluzcucuta.co\/index.php?rest_route=%2Fwp%2Fv2%2Fmedia&parent=37330"}],"wp:term":[{"taxonomy":"category","embeddable":true,"href":"https:\/\/contraluzcucuta.co\/index.php?rest_route=%2Fwp%2Fv2%2Fcategories&post=37330"},{"taxonomy":"post_tag","embeddable":true,"href":"https:\/\/contraluzcucuta.co\/index.php?rest_route=%2Fwp%2Fv2%2Ftags&post=37330"}],"curies":[{"name":"wp","href":"https:\/\/api.w.org\/{rel}","templated":true}]}}