{"id":37327,"date":"2021-11-18T12:01:51","date_gmt":"2021-11-18T17:01:51","guid":{"rendered":"http:\/\/contraluzcucuta.co\/?p=37327"},"modified":"2021-11-18T12:01:51","modified_gmt":"2021-11-18T17:01:51","slug":"pregunta-capciosa-si-hay-revocatoria-jairo-ibero-sera-candidato-lo-apoyaria","status":"publish","type":"post","link":"https:\/\/contraluzcucuta.co\/?p=37327","title":{"rendered":"PREGUNTA CAPCIOSA. Si hay revocatoria Jairo Ibero ser\u00e1 candidato.\u00a0\u00bfLo apoyar\u00eda?"},"content":{"rendered":"<p style=\"padding-left: 40px; text-align: right;\"><strong><span style=\"color: #ff9900;\">C\u00daCUTA.- El abogado cucute\u00f1o Jairo Ibero Ortega anunci\u00f3, mediante comunicado que se conoci\u00f3 esta semana, que si el proceso de revocatoria contra el alcalde Jairo Y\u00e1\u00f1ez surte efecto positivo se presentar\u00e1 como candidato para remplazarlo en el Palacio de la calle 11.<\/span><\/strong><\/p>\n<p>En \u00e9pocas anteriores Ibero Ortega ocup\u00f3 una silla en el Concejo de C\u00facuta. En otras ocasiones aspir\u00f3 a la Alcald\u00eda y quiso llegar al Congreso de la Rep\u00fablica, pero no cont\u00f3 con el respaldo popular. En la administraci\u00f3n de Ramiro Su\u00e1rez fungi\u00f3 como asesor y trabaj\u00f3 por las clases desfavorecidas.<\/p>\n<p>Tras algunas desavenencias con el gobierno de Su\u00e1rez lo llevaron a marginarse del ejercicio pol\u00edtico. En los \u00faltimos a\u00f1os, mediante v\u00eddeos, opina acerca de la vida local y nacional. Ahora, vuelve al ruedo con la intenci\u00f3n de ocupar el cargo que un d\u00eda busc\u00f3 y no encontr\u00f3 en las urnas.<\/p>\n<p>La revista <a href=\"http:\/\/www.contraluzcucuta.co\">www.contraluzcucuta.co<\/a> les pregunt\u00f3 a los lectores s\u00ed apoyar\u00edan a Jairo Ibero en esa intenci\u00f3n de gobernar en la capital e Norte de Santander. Estos son algunos comentarios escritos en Facebook:<\/p>\n<ol>\n<li>Pedro Antonio Rangel Gamboa<\/li>\n<\/ol>\n<p>&#8211; Ya est\u00e1 muy viejo, con todo respeto.<\/p>\n<ol start=\"2\">\n<li>Rafael Charry Abril<\/li>\n<\/ol>\n<p>&#8211; Ay Dios&#8230; qu\u00e9 Preguntica tan tan tan tan tan&#8230;<\/p>\n<ol start=\"3\">\n<li>Mario Caicedo<\/li>\n<\/ol>\n<p>&#8211; Y nunca vendi\u00f3 el revolver. Se junta con Jorge Acevedo y estamos listos. De culo pal&#8217; estanco<\/p>\n<ol start=\"4\">\n<li>Ra\u00fal Alonso Criado Arias<\/li>\n<\/ol>\n<p>&#8211; Ummmm<\/p>\n<ol start=\"5\">\n<li>Andr\u00e9s Ignacio Hoyos Arenas<\/li>\n<\/ol>\n<p>&#8211; Que espere al 2024<\/p>\n<ol start=\"6\">\n<li>Antonio Abufhele<\/li>\n<\/ol>\n<p>&#8211; No.<\/p>\n<ol start=\"7\">\n<li>Gabriel Moncada Morantes<\/li>\n<\/ol>\n<p>&#8211; \u00bfTodav\u00eda vive?<\/p>\n<ol start=\"8\">\n<li>Miguel Alberto Palacios C\u00e1rdenas<\/li>\n<\/ol>\n<p>&#8211; No. Es un camale\u00f3n<\/p>\n<ol start=\"9\">\n<li>Jairo Lache Lache<\/li>\n<\/ol>\n<p>Respuesta CAPCIOSA \u00bfUd. votar\u00eda por \u00e9l?<\/p>\n<ol start=\"10\">\n<li>Andr\u00e9s Mart\u00edn Ram\u00edrez Mej\u00eda<\/li>\n<\/ol>\n<p>&#8211; No va a haber revocatoria. La gente no va a salir a votar. No votar\u00e1n 30.000 cucute\u00f1os<\/p>\n<ol start=\"11\">\n<li>Benjam\u00edn Figueroa<\/li>\n<\/ol>\n<p>Hay que preguntarle a Jaime V\u00e1zquez cu\u00e1l quiere poner \u00e9l<\/p>\n<ol start=\"12\">\n<li>Evaristo Alberto Carvajal Valderrama<\/li>\n<\/ol>\n<p>&#8211; No<\/p>\n<ol start=\"12\">\n<li>Luis Alberto G\u00f3mez Forero<\/li>\n<\/ol>\n<p>&#8211; NO a la revocatoria de los malos perdedores.<\/p>\n<ol start=\"13\">\n<li>Reyes Heliz\u00e1nder Fl\u00f3rez Vera<\/li>\n<\/ol>\n<p>&#8211; Mejor el loco \u00c1lvaro alcalde<\/p>\n<ol start=\"14\">\n<li>Rafael Camperos H<\/li>\n<\/ol>\n<p>Eeeso, que viva la renovaci\u00f3n&#8230;<\/p>\n<ol start=\"15\">\n<li>Luis Ignacio Casta\u00f1eda P\u00e9rez<\/li>\n<\/ol>\n<p>Creo que se merece esta oportunidad. Es cucute\u00f1o y le duele la tierrita. Es m\u00e1s t\u00e9cnico que pol\u00edtico y vive y siente el acontecer cucute\u00f1o. Si hemos elegido for\u00e1neos porque no elegir un hombre de barriada que se ha hecho a pulso y con el cual podemos interlocutar porque es un hombre sencillo. Adem\u00e1s, podr\u00edamos conocer si su an\u00e1lisis de la administraci\u00f3n en sus manos le dar\u00eda un nuevo rumbo a C\u00facuta. \u00a1Lo apoyo!<\/p>\n<ol start=\"16\">\n<li>Luis Humberto Useche Arciniegas<\/li>\n<\/ol>\n<p>&#8211; No jodas<\/p>\n<ol start=\"17\">\n<li>Alejandro Cort\u00e9s Castellanos<\/li>\n<\/ol>\n<p>Rafael Camperos H. Que viva la democracia. Y el pueblo dice S\u00cd a la revocatoria del alcalde Jairo Y\u00e1\u00f1ez.<\/p>\n","protected":false},"excerpt":{"rendered":"<p>C\u00daCUTA.- El abogado cucute\u00f1o Jairo Ibero Ortega anunci\u00f3, mediante comunicado que se conoci\u00f3 esta semana, que si el proceso de revocatoria contra el alcalde Jairo Y\u00e1\u00f1ez surte efecto positivo se presentar\u00e1 como candidato para remplazarlo en el Palacio de la calle 11. En \u00e9pocas anteriores Ibero Ortega ocup\u00f3 una silla en el Concejo de C\u00facuta. &hellip;<\/p>\n","protected":false},"author":1,"featured_media":37328,"comment_status":"open","ping_status":"open","sticky":false,"template":"","format":"standard","meta":{"footnotes":""},"categories":[4,9],"tags":[226,1247,5297],"class_list":["post-37327","post","type-post","status-publish","format-standard","has-post-thumbnail","hentry","category-barra","category-politica","tag-alcaldia-de-cucuta","tag-jairo-ibero-ortega","tag-revocatoria"],"_links":{"self":[{"href":"https:\/\/contraluzcucuta.co\/index.php?rest_route=\/wp\/v2\/posts\/37327","targetHints":{"allow":["GET"]}}],"collection":[{"href":"https:\/\/contraluzcucuta.co\/index.php?rest_route=\/wp\/v2\/posts"}],"about":[{"href":"https:\/\/contraluzcucuta.co\/index.php?rest_route=\/wp\/v2\/types\/post"}],"author":[{"embeddable":true,"href":"https:\/\/contraluzcucuta.co\/index.php?rest_route=\/wp\/v2\/users\/1"}],"replies":[{"embeddable":true,"href":"https:\/\/contraluzcucuta.co\/index.php?rest_route=%2Fwp%2Fv2%2Fcomments&post=37327"}],"version-history":[{"count":1,"href":"https:\/\/contraluzcucuta.co\/index.php?rest_route=\/wp\/v2\/posts\/37327\/revisions"}],"predecessor-version":[{"id":37329,"href":"https:\/\/contraluzcucuta.co\/index.php?rest_route=\/wp\/v2\/posts\/37327\/revisions\/37329"}],"wp:featuredmedia":[{"embeddable":true,"href":"https:\/\/contraluzcucuta.co\/index.php?rest_route=\/wp\/v2\/media\/37328"}],"wp:attachment":[{"href":"https:\/\/contraluzcucuta.co\/index.php?rest_route=%2Fwp%2Fv2%2Fmedia&parent=37327"}],"wp:term":[{"taxonomy":"category","embeddable":true,"href":"https:\/\/contraluzcucuta.co\/index.php?rest_route=%2Fwp%2Fv2%2Fcategories&post=37327"},{"taxonomy":"post_tag","embeddable":true,"href":"https:\/\/contraluzcucuta.co\/index.php?rest_route=%2Fwp%2Fv2%2Ftags&post=37327"}],"curies":[{"name":"wp","href":"https:\/\/api.w.org\/{rel}","templated":true}]}}