{"id":37321,"date":"2021-11-09T21:48:21","date_gmt":"2021-11-10T02:48:21","guid":{"rendered":"http:\/\/contraluzcucuta.co\/?p=37321"},"modified":"2021-11-09T21:48:36","modified_gmt":"2021-11-10T02:48:36","slug":"paseo-cultural-museo-norte-de-santander-y-la-ciudad-de-cucuta-visitan-verada-el-portico","status":"publish","type":"post","link":"https:\/\/contraluzcucuta.co\/?p=37321","title":{"rendered":"PASEO CULTURAL. Museo Norte de Santander y Ciudad de C\u00facuta visitan verada El P\u00f3rtico"},"content":{"rendered":"<p style=\"padding-left: 40px; text-align: right;\"><strong><span style=\"color: #ff9900;\">C\u00daCUTA.- Los habitantes de la vereda El P\u00f3rtico, corregimiento San Pedro (C\u00facuta), disfrutaron con la exposici\u00f3n \u2018C\u00facuta, Im\u00e1genes de su Historia\u2019, que llev\u00f3 el Museo Norte de Santander y Ciudad de C\u00facuta.<\/span><\/strong><\/p>\n<p>El Centro Coreogr\u00e1fico Rural de Norte de Santander (Creadanza), el Ministerio de Cultura y el programa Nacional de Concertaci\u00f3n Cultural se unieron para hacer posible esta visita, en la que cautivaron a los residentes.<\/p>\n<p>\u201cComo organizaci\u00f3n nos parece de gran importancia, acercarnos a comunidades que carecen de\u00a0 condiciones que les permitan visitar un museo\u201d, dijo Amparo C\u00e1rdenas; directora del Museo. El programa itinerante es llevado a diferentes rincones de la ciudad, para dar a conocer la cultura, el arte y el conocimiento.<\/p>\n<p>Adultos, j\u00f3venes y ni\u00f1os tuvieron la oportunidad de hacer el recorrido cronol\u00f3gico que incluy\u00f3 la Era Mesozoica, la historia de abor\u00edgenes ancestrales, la colonizaci\u00f3n y c\u00f3mo surgi\u00f3 el mestizaje.<\/p>\n<p><a href=\"https:\/\/contraluzcucuta.co\/wp-content\/uploads\/2021\/11\/MUSEO-DE-NORTE-DE-SANTANDER-2.jpg\"><img loading=\"lazy\" decoding=\"async\" class=\"alignnone size-medium wp-image-37323\" src=\"https:\/\/contraluzcucuta.co\/wp-content\/uploads\/2021\/11\/MUSEO-DE-NORTE-DE-SANTANDER-2-300x190.jpg\" alt=\"\" width=\"300\" height=\"190\" srcset=\"https:\/\/contraluzcucuta.co\/wp-content\/uploads\/2021\/11\/MUSEO-DE-NORTE-DE-SANTANDER-2-300x190.jpg 300w, https:\/\/contraluzcucuta.co\/wp-content\/uploads\/2021\/11\/MUSEO-DE-NORTE-DE-SANTANDER-2-600x380.jpg 600w, https:\/\/contraluzcucuta.co\/wp-content\/uploads\/2021\/11\/MUSEO-DE-NORTE-DE-SANTANDER-2-768x487.jpg 768w, https:\/\/contraluzcucuta.co\/wp-content\/uploads\/2021\/11\/MUSEO-DE-NORTE-DE-SANTANDER-2.jpg 825w\" sizes=\"auto, (max-width: 300px) 100vw, 300px\" \/><\/a><\/p>\n<p>Dieciocho infograf\u00edas muestran:<\/p>\n<p>1.- Lugares de campamentos y territorios de dominio ind\u00edgena<\/p>\n<p>2.- La riqueza rupestre que narra la magia y la sabidur\u00eda de culturas pasadas<\/p>\n<p>3.- Escenas de rituales<\/p>\n<p>4.- Figuras geom\u00e9tricas de multiplicidad simb\u00f3lica<\/p>\n<p>5.- Trazos de la cosmogon\u00eda.<\/p>\n<p><a href=\"https:\/\/contraluzcucuta.co\/wp-content\/uploads\/2021\/11\/MUSEO-DE-NORTE-DE-SANTANDER-3.jpg\"><img loading=\"lazy\" decoding=\"async\" class=\"alignnone size-medium wp-image-37324\" src=\"https:\/\/contraluzcucuta.co\/wp-content\/uploads\/2021\/11\/MUSEO-DE-NORTE-DE-SANTANDER-3-300x263.jpg\" alt=\"\" width=\"300\" height=\"263\" srcset=\"https:\/\/contraluzcucuta.co\/wp-content\/uploads\/2021\/11\/MUSEO-DE-NORTE-DE-SANTANDER-3-300x263.jpg 300w, https:\/\/contraluzcucuta.co\/wp-content\/uploads\/2021\/11\/MUSEO-DE-NORTE-DE-SANTANDER-3-600x526.jpg 600w, https:\/\/contraluzcucuta.co\/wp-content\/uploads\/2021\/11\/MUSEO-DE-NORTE-DE-SANTANDER-3.jpg 722w\" sizes=\"auto, (max-width: 300px) 100vw, 300px\" \/><\/a><\/p>\n<p>\u201cEste trabajo es importante, debido a que El Centro Coreogr\u00e1fico Rural de Norte de Santander es un espacio abierto para las \u00e1reas de la cultura, generar estos encuentros enriquecen nuestra labor con los NNAJ y aprovechar el tiempo libre\u201d, afirm\u00f3 Miguel V\u00e1squez, director de Creadanza.<\/p>\n","protected":false},"excerpt":{"rendered":"<p>C\u00daCUTA.- Los habitantes de la vereda El P\u00f3rtico, corregimiento San Pedro (C\u00facuta), disfrutaron con la exposici\u00f3n \u2018C\u00facuta, Im\u00e1genes de su Historia\u2019, que llev\u00f3 el Museo Norte de Santander y Ciudad de C\u00facuta. El Centro Coreogr\u00e1fico Rural de Norte de Santander (Creadanza), el Ministerio de Cultura y el programa Nacional de Concertaci\u00f3n Cultural se unieron para &hellip;<\/p>\n","protected":false},"author":1,"featured_media":37322,"comment_status":"open","ping_status":"open","sticky":false,"template":"","format":"standard","meta":{"footnotes":""},"categories":[4,37],"tags":[5296,5295,3715,5294,4599],"class_list":["post-37321","post","type-post","status-publish","format-standard","has-post-thumbnail","hentry","category-barra","category-paseo-cultural","tag-corregimiento-san-pedro","tag-creadanza","tag-mincultura","tag-museo-de-norte-de-santander","tag-paseo-cultural"],"_links":{"self":[{"href":"https:\/\/contraluzcucuta.co\/index.php?rest_route=\/wp\/v2\/posts\/37321","targetHints":{"allow":["GET"]}}],"collection":[{"href":"https:\/\/contraluzcucuta.co\/index.php?rest_route=\/wp\/v2\/posts"}],"about":[{"href":"https:\/\/contraluzcucuta.co\/index.php?rest_route=\/wp\/v2\/types\/post"}],"author":[{"embeddable":true,"href":"https:\/\/contraluzcucuta.co\/index.php?rest_route=\/wp\/v2\/users\/1"}],"replies":[{"embeddable":true,"href":"https:\/\/contraluzcucuta.co\/index.php?rest_route=%2Fwp%2Fv2%2Fcomments&post=37321"}],"version-history":[{"count":2,"href":"https:\/\/contraluzcucuta.co\/index.php?rest_route=\/wp\/v2\/posts\/37321\/revisions"}],"predecessor-version":[{"id":37326,"href":"https:\/\/contraluzcucuta.co\/index.php?rest_route=\/wp\/v2\/posts\/37321\/revisions\/37326"}],"wp:featuredmedia":[{"embeddable":true,"href":"https:\/\/contraluzcucuta.co\/index.php?rest_route=\/wp\/v2\/media\/37322"}],"wp:attachment":[{"href":"https:\/\/contraluzcucuta.co\/index.php?rest_route=%2Fwp%2Fv2%2Fmedia&parent=37321"}],"wp:term":[{"taxonomy":"category","embeddable":true,"href":"https:\/\/contraluzcucuta.co\/index.php?rest_route=%2Fwp%2Fv2%2Fcategories&post=37321"},{"taxonomy":"post_tag","embeddable":true,"href":"https:\/\/contraluzcucuta.co\/index.php?rest_route=%2Fwp%2Fv2%2Ftags&post=37321"}],"curies":[{"name":"wp","href":"https:\/\/api.w.org\/{rel}","templated":true}]}}