{"id":37308,"date":"2021-11-08T12:02:26","date_gmt":"2021-11-08T17:02:26","guid":{"rendered":"http:\/\/contraluzcucuta.co\/?p=37308"},"modified":"2021-11-08T12:02:53","modified_gmt":"2021-11-08T17:02:53","slug":"diocesis-de-tibu-quiero-servir-al-catatumbo-con-el-proposito-de-ayudar-a-ver-la-luz-bravo-cortes","status":"publish","type":"post","link":"https:\/\/contraluzcucuta.co\/?p=37308","title":{"rendered":"DI\u00d3CESIS DE TIB\u00da. \u201cQuiero servir a El Catatumbo con el prop\u00f3sito de ayudar a ver la luz\u201d: Bravo Cort\u00e9s"},"content":{"rendered":"<p style=\"padding-left: 40px; text-align: right;\"><strong><span style=\"color: #ff9900;\">C\u00daCUTA.- \u201cA lo largo de mi existir le he pedido al Se\u00f1or que gu\u00ede mis pasos, que me diga por d\u00f3nde ir\u201d, dijo el presb\u00edtero Israel Bravo Cort\u00e9s, luego de conocer la designaci\u00f3n como Obispo de Tib\u00fa. El nombramiento, proveniente de la Santa Sede y firmado por el papa Francisco, se conoci\u00f3 al final de la \u00faltima semana.<\/span><\/strong><\/p>\n<p>La Di\u00f3cesis de Tib\u00fa, conformada por sacerdotes, religiosos, seminaristas animadores de la evangelizaci\u00f3n y fieles bautizados, se unieron en oraci\u00f3n para que el Esp\u00edritu Santo gu\u00ede a monse\u00f1or Bravo como buen pastor en tierras de El Catatumbo<\/p>\n<p>\u201cS\u00e9 que solo me pierdo y con \u00c9l en mi vida he podido amar y servir con alegr\u00eda. Hoy \u00c9l me pide un nuevo servicio en la Iglesia, as\u00ed lo entiendo\u201d, dijo el prelado cat\u00f3lico en el mensaje enviado a los tibuyanos. \u201cNo soy ni el mejor ni el peor, pero siempre he sido un disc\u00edpulo de Dios que se atreve a escucharlo y a seguirlo\u201d.<\/p>\n<p>Bravo Cort\u00e9s fue ordenado e incardinado en la Di\u00f3cesis de C\u00facuta el 1 de febrero de 1998. Se desempe\u00f1a como Vicario General de esta Iglesia Particular y rector de la Bas\u00edlica Menor Nuestra Se\u00f1ora del Rosario de Chiquinquir\u00e1 (C\u00facuta).<\/p>\n<p>Monse\u00f1or Jos\u00e9 Libardo Garc\u00e9s Monsalve, Obispo electo de la Di\u00f3cesis de C\u00facuta, y el clero diocesano recibieron con gozo la noticia y agradecieron a Dios por la gracia que un sacerdote diocesano haya sido escogido para el ministerio episcopal.<\/p>\n<p>\u201cSoy alguien que se esfuerza por vivir el evangelio y compartirlo con los dem\u00e1s. As\u00ed recibo este encargo del papa Francisco de pastorear la Iglesia Particular de Tib\u00fa\u201d, escribi\u00f3 Israel Bravo.<\/p>\n<p><strong>\u00bfQui\u00e9n es Israel Bravo Cort\u00e9s?<\/strong><\/p>\n<p>El 4 de junio de 1971, naci\u00f3 en El Espinal (Tolima). Hijo de Ligia Cort\u00e9s y Jos\u00e9 Donato Bravo, quienes tuvieron 10 hijos, de los cuales solo viven cinco (dos mujeres y tres varones. Israel el cuarto en la lista).<\/p>\n<p>A los tres a\u00f1os, la familia se traslad\u00f3 a Norte de Santander en busca de mejores oportunidades de vida. Jos\u00e9 Donato trabaj\u00f3 en agricultura en los corregimientos Agua Clara, Puerto Santander, La Floresta y Buena Esperanza. Logr\u00f3 comprar una parcela de dos hect\u00e1reas, que se convirti\u00f3 en el sustento de los Bravo Cort\u00e9s durante tres d\u00e9cadas.<\/p>\n<p>Estudi\u00f3 filosof\u00eda y teolog\u00eda en el Seminario Mayor San Jos\u00e9 de C\u00facuta (1989-1997); licenciatura en Teolog\u00eda en la Pontificia Universidad Javeriana (Bogot\u00e1), y licenciatura en Filosof\u00eda con especializaci\u00f3n en Comunicaci\u00f3n Social en la Pontificia Universidad Gregoriana (Roma).<\/p>\n<p><strong>Servicios pastorales<\/strong><\/p>\n<p>&#8211; Miembro del equipo de medios de comunicaci\u00f3n de la Di\u00f3cesis de C\u00facuta (1996).<\/p>\n<p>&#8211; Vicario parroquial de San Pedro Claver (1997).<\/p>\n<p>&#8211; Vicario parroquial de Nuestra Se\u00f1ora del Rosario (Villa del Rosario, 1998).<\/p>\n<p>&#8211; Administrador parroquial de San Judas Tadeo (1998) y posteriormente, p\u00e1rroco (1999-2003).<\/p>\n<p>&#8211; Delegado Episcopal de la Pastoral Juvenil (2000-2003).<\/p>\n<p>&#8211; Formador del Seminario Mayor San Jos\u00e9 de C\u00facuta (2005-2011 y 2013-2014).<\/p>\n<p>&#8211; Administrador parroquial de San Mart\u00edn de Porres (Bogot\u00e1, 2010-2012).<\/p>\n<p>&#8211; Miembro del Colegio de Consultores (2009-2010).<\/p>\n<p>&#8211; P\u00e1rroco de San Luis Gonzaga (2014-2020).<\/p>\n<p>&#8211; Rector de la Bas\u00edlica Menor Nuestra Se\u00f1ora del Rosario de Chiquinquir\u00e1, C\u00facuta (2020 -).<\/p>\n<p>&#8211; Vicario General (2016 -).<\/p>\n<p>\u201cQuiero servir al Catatumbo con el prop\u00f3sito de ayudar a ver la luz que hay en este lugar de Colombia. Una luz que podemos compartir con los dem\u00e1s\u201d, dijo el nuevo Obispo de Tib\u00fa. \u201cQuiero unirme a ustedes y a los hombres y mujeres de buena voluntad que han resistido en la regi\u00f3n a todas las violencias\u201d.<\/p>\n","protected":false},"excerpt":{"rendered":"<p>C\u00daCUTA.- \u201cA lo largo de mi existir le he pedido al Se\u00f1or que gu\u00ede mis pasos, que me diga por d\u00f3nde ir\u201d, dijo el presb\u00edtero Israel Bravo Cort\u00e9s, luego de conocer la designaci\u00f3n como Obispo de Tib\u00fa. El nombramiento, proveniente de la Santa Sede y firmado por el papa Francisco, se conoci\u00f3 al final de &hellip;<\/p>\n","protected":false},"author":1,"featured_media":37309,"comment_status":"open","ping_status":"open","sticky":false,"template":"","format":"standard","meta":{"footnotes":""},"categories":[4,36],"tags":[8,5289,5290,5153],"class_list":["post-37308","post","type-post","status-publish","format-standard","has-post-thumbnail","hentry","category-barra","category-la-voz-del-pueblo","tag-diocesis-de-cucuta","tag-diocesis-de-tibu","tag-monsenor-israel-bravo","tag-monsenor-jose-libardo-garces"],"_links":{"self":[{"href":"https:\/\/contraluzcucuta.co\/index.php?rest_route=\/wp\/v2\/posts\/37308","targetHints":{"allow":["GET"]}}],"collection":[{"href":"https:\/\/contraluzcucuta.co\/index.php?rest_route=\/wp\/v2\/posts"}],"about":[{"href":"https:\/\/contraluzcucuta.co\/index.php?rest_route=\/wp\/v2\/types\/post"}],"author":[{"embeddable":true,"href":"https:\/\/contraluzcucuta.co\/index.php?rest_route=\/wp\/v2\/users\/1"}],"replies":[{"embeddable":true,"href":"https:\/\/contraluzcucuta.co\/index.php?rest_route=%2Fwp%2Fv2%2Fcomments&post=37308"}],"version-history":[{"count":2,"href":"https:\/\/contraluzcucuta.co\/index.php?rest_route=\/wp\/v2\/posts\/37308\/revisions"}],"predecessor-version":[{"id":37311,"href":"https:\/\/contraluzcucuta.co\/index.php?rest_route=\/wp\/v2\/posts\/37308\/revisions\/37311"}],"wp:featuredmedia":[{"embeddable":true,"href":"https:\/\/contraluzcucuta.co\/index.php?rest_route=\/wp\/v2\/media\/37309"}],"wp:attachment":[{"href":"https:\/\/contraluzcucuta.co\/index.php?rest_route=%2Fwp%2Fv2%2Fmedia&parent=37308"}],"wp:term":[{"taxonomy":"category","embeddable":true,"href":"https:\/\/contraluzcucuta.co\/index.php?rest_route=%2Fwp%2Fv2%2Fcategories&post=37308"},{"taxonomy":"post_tag","embeddable":true,"href":"https:\/\/contraluzcucuta.co\/index.php?rest_route=%2Fwp%2Fv2%2Ftags&post=37308"}],"curies":[{"name":"wp","href":"https:\/\/api.w.org\/{rel}","templated":true}]}}