{"id":37305,"date":"2021-11-03T18:49:44","date_gmt":"2021-11-03T23:49:44","guid":{"rendered":"http:\/\/contraluzcucuta.co\/?p=37305"},"modified":"2021-11-03T18:49:44","modified_gmt":"2021-11-03T23:49:44","slug":"obras-complementarias-le-pondran-las-orejas-al-benito-hernandez","status":"publish","type":"post","link":"https:\/\/contraluzcucuta.co\/?p=37305","title":{"rendered":"OBRAS COMPLEMENTARIAS. Le pondr\u00e1n \u2018las orejas\u2019 al Benito Hern\u00e1ndez"},"content":{"rendered":"<p style=\"padding-left: 40px; text-align: right;\"><strong><span style=\"color: #ff9900;\">C\u00daCUTA.- Nueve mil millones de pesos ser\u00e1n necesarios para dar comienzo a la construcci\u00f3n de las obras complementarias del puente Benito Hern\u00e1ndez Bustos, que comunica a C\u00facuta con Los Patios. Los recursos saldr\u00e1n del Instituto Nacional de V\u00edas (Inv\u00edas), la Alcald\u00eda de C\u00facuta y la Gobernaci\u00f3n de Norte de Santander, seg\u00fan el convenio interadministrativo 1926 de 2020.<\/span><\/strong><\/p>\n<p>El gobernador Silvano Serrano valor\u00f3 el compromiso del Gobierno para la construcci\u00f3n de &#8216;las orejas&#8217; del puente. La Uni\u00f3n Temporal Intercambiador 2021 se encargar\u00e1 de la obra, que generar\u00e1 empleo para los habitantes en \u00e1reas colindantes. Pidi\u00f3 a los contratistas que, en la medida de las posibilidades, ayuden a solventar el problema de desempleo que azota a la regi\u00f3n.<\/p>\n<p>Otro anuncio hecho ayer, es la estructuraci\u00f3n del intercambiador de Pinar del R\u00edo y la recuperaci\u00f3n de la capa asf\u00e1ltica de la v\u00eda que conduce a Santa Rosa de Lima.<\/p>\n<p>El proceso se adelanta con Inv\u00edas, las alcald\u00edas de Los Patios y C\u00facuta, y el \u00c1rea Metropolitana. El objetivo es solucionar los inconvenientes que soportan los conductores al transitar por esa v\u00eda.<\/p>\n<p>\u201cS\u00e9 que van por buen camino para conseguir los recursos necesarios que permitan adecuar una zona con mucha proyecci\u00f3n y desarrollo urban\u00edstico en Norte de Santander\u201d, coment\u00f3 Serrano.<\/p>\n<p>Las juntas de acci\u00f3n comunal y la ciudadan\u00eda har\u00e1n seguimiento al proceso de las obras.<\/p>\n","protected":false},"excerpt":{"rendered":"<p>C\u00daCUTA.- Nueve mil millones de pesos ser\u00e1n necesarios para dar comienzo a la construcci\u00f3n de las obras complementarias del puente Benito Hern\u00e1ndez Bustos, que comunica a C\u00facuta con Los Patios. Los recursos saldr\u00e1n del Instituto Nacional de V\u00edas (Inv\u00edas), la Alcald\u00eda de C\u00facuta y la Gobernaci\u00f3n de Norte de Santander, seg\u00fan el convenio interadministrativo 1926 &hellip;<\/p>\n","protected":false},"author":1,"featured_media":37306,"comment_status":"open","ping_status":"open","sticky":false,"template":"","format":"standard","meta":{"footnotes":""},"categories":[45,4],"tags":[379,393,2056],"class_list":["post-37305","post","type-post","status-publish","format-standard","has-post-thumbnail","hentry","category-destacado","category-barra","tag-gobernacion-de-norte-de-santander","tag-invias","tag-puente-benito-hernandez"],"_links":{"self":[{"href":"https:\/\/contraluzcucuta.co\/index.php?rest_route=\/wp\/v2\/posts\/37305","targetHints":{"allow":["GET"]}}],"collection":[{"href":"https:\/\/contraluzcucuta.co\/index.php?rest_route=\/wp\/v2\/posts"}],"about":[{"href":"https:\/\/contraluzcucuta.co\/index.php?rest_route=\/wp\/v2\/types\/post"}],"author":[{"embeddable":true,"href":"https:\/\/contraluzcucuta.co\/index.php?rest_route=\/wp\/v2\/users\/1"}],"replies":[{"embeddable":true,"href":"https:\/\/contraluzcucuta.co\/index.php?rest_route=%2Fwp%2Fv2%2Fcomments&post=37305"}],"version-history":[{"count":1,"href":"https:\/\/contraluzcucuta.co\/index.php?rest_route=\/wp\/v2\/posts\/37305\/revisions"}],"predecessor-version":[{"id":37307,"href":"https:\/\/contraluzcucuta.co\/index.php?rest_route=\/wp\/v2\/posts\/37305\/revisions\/37307"}],"wp:featuredmedia":[{"embeddable":true,"href":"https:\/\/contraluzcucuta.co\/index.php?rest_route=\/wp\/v2\/media\/37306"}],"wp:attachment":[{"href":"https:\/\/contraluzcucuta.co\/index.php?rest_route=%2Fwp%2Fv2%2Fmedia&parent=37305"}],"wp:term":[{"taxonomy":"category","embeddable":true,"href":"https:\/\/contraluzcucuta.co\/index.php?rest_route=%2Fwp%2Fv2%2Fcategories&post=37305"},{"taxonomy":"post_tag","embeddable":true,"href":"https:\/\/contraluzcucuta.co\/index.php?rest_route=%2Fwp%2Fv2%2Ftags&post=37305"}],"curies":[{"name":"wp","href":"https:\/\/api.w.org\/{rel}","templated":true}]}}