{"id":37302,"date":"2021-11-02T18:08:16","date_gmt":"2021-11-02T23:08:16","guid":{"rendered":"http:\/\/contraluzcucuta.co\/?p=37302"},"modified":"2021-11-02T18:08:16","modified_gmt":"2021-11-02T23:08:16","slug":"festival-internacional-respira-teatro-mano","status":"publish","type":"post","link":"https:\/\/contraluzcucuta.co\/?p=37302","title":{"rendered":"FESTIVAL INTERNACIONAL. \u00a1Respira Teatro, Mano!"},"content":{"rendered":"<p style=\"padding-left: 40px; text-align: right;\"><strong><span style=\"color: #ff9900;\">C\u00daCUTA.- La Corporaci\u00f3n Cultural Frontera Aire tiene todo listo para la d\u00e9cima segunda versi\u00f3n del Festival Internacional La Fiesta del Teatro en Norte de Santander. La actividad art\u00edstica se cumplir\u00e1 del 4 al 20 de noviembre en cuatro municipios.<\/span><\/strong><\/p>\n<p>La directora Nancy Garc\u00eda inform\u00f3 que en las 27 funciones presenciales se tendr\u00e1n en cuenta los protocolos de bioseguridad. Habr\u00e1 5 funciones virtuales y 4 talleres presenciales.<\/p>\n<p>Las obras se presentar\u00e1n en:<\/p>\n<p>1.- C\u00facuta. Teatro Zulima, Centro Cultural Quinta Teresa, Sala Tallando Talentos, Teatro Manotas, Teatro La Casa de Los Sue\u00f1os, La Bohemia y Sala Punto de Encuentro.<\/p>\n<p>2.- Bochalema. Casa de la Cultura, Plaza de Toros y corregimiento La Donjuana<\/p>\n<p>3.- Los Patios. Teatro El Cuj\u00ed<\/p>\n<p>4.- Pamplona. Museo Anzo\u00e1tegui.<\/p>\n<p>El objetivo del festival es que la capital del departamento y otros municipios tengan un espacio para la circulaci\u00f3n y el intercambio de diferentes formas de la creaci\u00f3n teatral local, regional, nacional e internacional.<\/p>\n<p>La comunidad podr\u00e1 disfrutar y apreciar espect\u00e1culos teatrales, que aportar\u00e1n a la formaci\u00f3n de p\u00fablicos y a la reactivaci\u00f3n cultural, social y econ\u00f3mica que propone el Gobierno en el cumplimiento de la emergencia sanitaria.<\/p>\n<p>El lema del Festival es &#8220;Respira Teatro, Mano&#8221;.<\/p>\n","protected":false},"excerpt":{"rendered":"<p>C\u00daCUTA.- La Corporaci\u00f3n Cultural Frontera Aire tiene todo listo para la d\u00e9cima segunda versi\u00f3n del Festival Internacional La Fiesta del Teatro en Norte de Santander. La actividad art\u00edstica se cumplir\u00e1 del 4 al 20 de noviembre en cuatro municipios. La directora Nancy Garc\u00eda inform\u00f3 que en las 27 funciones presenciales se tendr\u00e1n en cuenta los &hellip;<\/p>\n","protected":false},"author":1,"featured_media":37303,"comment_status":"open","ping_status":"open","sticky":false,"template":"","format":"standard","meta":{"footnotes":""},"categories":[4,37],"tags":[5287,244,5288],"class_list":["post-37302","post","type-post","status-publish","format-standard","has-post-thumbnail","hentry","category-barra","category-paseo-cultural","tag-corporacion-cultural-frontera","tag-festival-de-teatro","tag-nancy-garcia"],"_links":{"self":[{"href":"https:\/\/contraluzcucuta.co\/index.php?rest_route=\/wp\/v2\/posts\/37302","targetHints":{"allow":["GET"]}}],"collection":[{"href":"https:\/\/contraluzcucuta.co\/index.php?rest_route=\/wp\/v2\/posts"}],"about":[{"href":"https:\/\/contraluzcucuta.co\/index.php?rest_route=\/wp\/v2\/types\/post"}],"author":[{"embeddable":true,"href":"https:\/\/contraluzcucuta.co\/index.php?rest_route=\/wp\/v2\/users\/1"}],"replies":[{"embeddable":true,"href":"https:\/\/contraluzcucuta.co\/index.php?rest_route=%2Fwp%2Fv2%2Fcomments&post=37302"}],"version-history":[{"count":1,"href":"https:\/\/contraluzcucuta.co\/index.php?rest_route=\/wp\/v2\/posts\/37302\/revisions"}],"predecessor-version":[{"id":37304,"href":"https:\/\/contraluzcucuta.co\/index.php?rest_route=\/wp\/v2\/posts\/37302\/revisions\/37304"}],"wp:featuredmedia":[{"embeddable":true,"href":"https:\/\/contraluzcucuta.co\/index.php?rest_route=\/wp\/v2\/media\/37303"}],"wp:attachment":[{"href":"https:\/\/contraluzcucuta.co\/index.php?rest_route=%2Fwp%2Fv2%2Fmedia&parent=37302"}],"wp:term":[{"taxonomy":"category","embeddable":true,"href":"https:\/\/contraluzcucuta.co\/index.php?rest_route=%2Fwp%2Fv2%2Fcategories&post=37302"},{"taxonomy":"post_tag","embeddable":true,"href":"https:\/\/contraluzcucuta.co\/index.php?rest_route=%2Fwp%2Fv2%2Ftags&post=37302"}],"curies":[{"name":"wp","href":"https:\/\/api.w.org\/{rel}","templated":true}]}}