{"id":37287,"date":"2021-10-24T20:03:00","date_gmt":"2021-10-25T01:03:00","guid":{"rendered":"http:\/\/contraluzcucuta.co\/?p=37287"},"modified":"2021-10-24T20:03:00","modified_gmt":"2021-10-25T01:03:00","slug":"reincorporacion-excombatientes-potencializan-proyectos-productivos","status":"publish","type":"post","link":"https:\/\/contraluzcucuta.co\/?p=37287","title":{"rendered":"REINCORPORACI\u00d3N. Excombatientes potencializan proyectos productivos  \u00a0\u00a0\u00a0\u00a0\u00a0\u00a0\u00a0"},"content":{"rendered":"<p style=\"padding-left: 40px; text-align: right;\"><strong><span style=\"color: #ff9900;\">C\u00daCUTA.- Treintaid\u00f3s excombatientes, pertenecientes al Antiguo Espacio Territorial de Capacitaci\u00f3n y Reincorporaci\u00f3n (ETCR), Ca\u00f1o Indio Tib\u00fa, fortalecen las habilidades contables y financieras mediante convenio suscrito entre la Agencia para la Reincorporaci\u00f3n y la Normalizaci\u00f3n (ARN), la Universidad Francisco de Paula Santander y el Consultorio Socioambiental Agropecuario del Nororiente Colombiano.<\/span><\/strong><\/p>\n<p>En este m\u00f3dulo del plan de capacitaci\u00f3n en formulaci\u00f3n de proyectos productivos, se profundiza la factibilidad financiera. El prop\u00f3sito es lograr que quienes est\u00e1n en proceso de reincorporaci\u00f3n identifiquen los puntos positivos y negativos del proyecto propuesto y determinen la viabilidad econ\u00f3mica.<\/p>\n<p>Durante 160 horas, los excombatientes se capacitaron por medio de la metodolog\u00eda que integra los m\u00e9todos cualitativos y cuantitativos. Emplean de manera pr\u00e1ctica los procesos de identificaci\u00f3n, formulaci\u00f3n y evaluaci\u00f3n, bajo el enfoque de proyecto productivo.<\/p>\n<p>Abordaron el balance general que les permite apreciar la solvencia econ\u00f3mica de un proyecto productivo y obtener el estado financiero del plan de negocios. Estas herramientas les servir\u00e1n para identificar el valor de la inversi\u00f3n, las ganancias y la probabilidad de p\u00e9rdida. Esto permitir\u00e1 disminuir la incertidumbre a la hora de formular el proyecto.<\/p>\n<p>La UFPS ha sido aliado institucional para fortalecer la formaci\u00f3n para el trabajo de los excombatientes. \u201cNos encontramos una poblaci\u00f3n que quiere capacitarse, quiere adquirir nuevas competencias y aprender cada d\u00eda m\u00e1s\u201d, dijo Jos\u00e9 Manuel Alba, director del consultorio socioambiental y agropecuario del nororiente colombiano.<\/p>\n<p>La universidad del Catatumbo est\u00e1 comprometida con la construcci\u00f3n de paz en el territorio. La Ruta de Reincorporaci\u00f3n plantea varias metas, entre ellas, la orientaci\u00f3n permanente a la poblaci\u00f3n en el \u00e1rea de productividad y desarrollo econ\u00f3mico.<\/p>\n<p>\u201cEstos conocimientos adquiridos impactar\u00e1n positivamente en el acceso y la formulaci\u00f3n de proyectos productivos, permitiendo la sostenibilidad econ\u00f3mica de las familias, una de las apuestas fundamentales de pol\u00edtica de paz con legalidad\u201d, afirm\u00f3 Andr\u00e9s Stapper Segrera, director General de la Agencia para la Reincorporaci\u00f3n y la Normalizaci\u00f3n (ARN).<\/p>\n<p>En esta regi\u00f3n del pa\u00eds, la reincorporaci\u00f3n avanza con acciones, programas y proyectos de sostenibilidad econ\u00f3mica que fortalecen la implementaci\u00f3n de la Pol\u00edtica de Paz con Legalidad.<\/p>\n<figure id=\"attachment_37289\" aria-describedby=\"caption-attachment-37289\" style=\"width: 300px\" class=\"wp-caption alignright\"><a href=\"https:\/\/contraluzcucuta.co\/wp-content\/uploads\/2021\/10\/ARN-CAPACITACION-2.jpg\"><img loading=\"lazy\" decoding=\"async\" class=\"size-medium wp-image-37289\" src=\"https:\/\/contraluzcucuta.co\/wp-content\/uploads\/2021\/10\/ARN-CAPACITACION-2-300x225.jpg\" alt=\"\" width=\"300\" height=\"225\" srcset=\"https:\/\/contraluzcucuta.co\/wp-content\/uploads\/2021\/10\/ARN-CAPACITACION-2-300x225.jpg 300w, https:\/\/contraluzcucuta.co\/wp-content\/uploads\/2021\/10\/ARN-CAPACITACION-2-600x450.jpg 600w, https:\/\/contraluzcucuta.co\/wp-content\/uploads\/2021\/10\/ARN-CAPACITACION-2-768x576.jpg 768w, https:\/\/contraluzcucuta.co\/wp-content\/uploads\/2021\/10\/ARN-CAPACITACION-2.jpg 833w\" sizes=\"auto, (max-width: 300px) 100vw, 300px\" \/><\/a><figcaption id=\"caption-attachment-37289\" class=\"wp-caption-text\"><em>La UFPS ha sido aliado institucional para fortalecer la formaci\u00f3n para el trabajo de los excombatientes.<\/em><\/figcaption><\/figure>\n<p><strong>Datos de inter\u00e9s<\/strong><\/p>\n<p>1.- En Norte de Santander, 635 personas avanzan en el proceso de reincorporaci\u00f3n, de las cuales 212 pertenecen a Tib\u00fa.<\/p>\n<p>2.- 408 personas cuentan con proyectos productivos desembolsados, de los cuales 370 individuales.<\/p>\n<p>3.- Las personas en proceso de reincorporaci\u00f3n con m\u00e1ximo nivel educativo son 528, de las cuales 180 corresponden al nivel de b\u00e1sica primaria, 236 b\u00e1sica secundaria y 111 media vocacional.<\/p>\n","protected":false},"excerpt":{"rendered":"<p>C\u00daCUTA.- Treintaid\u00f3s excombatientes, pertenecientes al Antiguo Espacio Territorial de Capacitaci\u00f3n y Reincorporaci\u00f3n (ETCR), Ca\u00f1o Indio Tib\u00fa, fortalecen las habilidades contables y financieras mediante convenio suscrito entre la Agencia para la Reincorporaci\u00f3n y la Normalizaci\u00f3n (ARN), la Universidad Francisco de Paula Santander y el Consultorio Socioambiental Agropecuario del Nororiente Colombiano. En este m\u00f3dulo del plan de &hellip;<\/p>\n","protected":false},"author":1,"featured_media":37288,"comment_status":"open","ping_status":"open","sticky":false,"template":"","format":"standard","meta":{"footnotes":""},"categories":[4,6],"tags":[5094,4569],"class_list":["post-37287","post","type-post","status-publish","format-standard","has-post-thumbnail","hentry","category-barra","category-ojo-avizor","tag-agencia-para-la-reincorporacion-y-la-normalizacion","tag-arn"],"_links":{"self":[{"href":"https:\/\/contraluzcucuta.co\/index.php?rest_route=\/wp\/v2\/posts\/37287","targetHints":{"allow":["GET"]}}],"collection":[{"href":"https:\/\/contraluzcucuta.co\/index.php?rest_route=\/wp\/v2\/posts"}],"about":[{"href":"https:\/\/contraluzcucuta.co\/index.php?rest_route=\/wp\/v2\/types\/post"}],"author":[{"embeddable":true,"href":"https:\/\/contraluzcucuta.co\/index.php?rest_route=\/wp\/v2\/users\/1"}],"replies":[{"embeddable":true,"href":"https:\/\/contraluzcucuta.co\/index.php?rest_route=%2Fwp%2Fv2%2Fcomments&post=37287"}],"version-history":[{"count":1,"href":"https:\/\/contraluzcucuta.co\/index.php?rest_route=\/wp\/v2\/posts\/37287\/revisions"}],"predecessor-version":[{"id":37290,"href":"https:\/\/contraluzcucuta.co\/index.php?rest_route=\/wp\/v2\/posts\/37287\/revisions\/37290"}],"wp:featuredmedia":[{"embeddable":true,"href":"https:\/\/contraluzcucuta.co\/index.php?rest_route=\/wp\/v2\/media\/37288"}],"wp:attachment":[{"href":"https:\/\/contraluzcucuta.co\/index.php?rest_route=%2Fwp%2Fv2%2Fmedia&parent=37287"}],"wp:term":[{"taxonomy":"category","embeddable":true,"href":"https:\/\/contraluzcucuta.co\/index.php?rest_route=%2Fwp%2Fv2%2Fcategories&post=37287"},{"taxonomy":"post_tag","embeddable":true,"href":"https:\/\/contraluzcucuta.co\/index.php?rest_route=%2Fwp%2Fv2%2Ftags&post=37287"}],"curies":[{"name":"wp","href":"https:\/\/api.w.org\/{rel}","templated":true}]}}