{"id":37271,"date":"2021-10-18T18:22:24","date_gmt":"2021-10-18T23:22:24","guid":{"rendered":"http:\/\/contraluzcucuta.co\/?p=37271"},"modified":"2021-10-18T18:22:24","modified_gmt":"2021-10-18T23:22:24","slug":"centenario-jubilar-diocesis-de-san-cristobal-encendio-cirio-del-sinodo","status":"publish","type":"post","link":"https:\/\/contraluzcucuta.co\/?p=37271","title":{"rendered":"CENTENARIO JUBILAR. Di\u00f3cesis de San Crist\u00f3bal encendi\u00f3 cirio del S\u00ednodo"},"content":{"rendered":"<p style=\"padding-left: 40px; text-align: right;\"><span style=\"color: #ff9900;\"><strong>SAN CRIST\u00d3BAL \u2013 Venezuela<\/strong>. La Di\u00f3cesis de San Crist\u00f3bal comenz\u00f3 el calendario celebrativo de los 100 a\u00f1os. Durante el fin de semana se cumpli\u00f3 el encendido del Cirio que marcar\u00e1 el camino jubilar. En comuni\u00f3n con la Iglesia Universal empez\u00f3 la fase diocesana del S\u00ednodo.<\/span><\/p>\n<p>La ceremonia fue presidida por monse\u00f1or Mario Moronta, obispo de San Crist\u00f3bal, junto con el obispo auxiliar, monse\u00f1or Juan Ayala, y sacerdotes, seminaristas y feligreses.<\/p>\n<p>En la homil\u00eda, monse\u00f1or Moronta record\u00f3 que \u201cel papa Francisco nos est\u00e1 exhortando a darle un nuevo sentido al Nosotros\u201d. Dijo que la \u00fanica manera de hacerlo para expresar el amor y el servicio a los dem\u00e1s es caminando juntos, \u201cno hay otra forma\u201d.<\/p>\n<p>La Di\u00f3cesis de San Crist\u00f3bal tiene experiencia en el camino sinodal. A lo largo de 99 a\u00f1os se han efectuado dos S\u00ednodos y durante la celebraci\u00f3n centenaria se llevar\u00e1 a cabo el tercero.<\/p>\n<p>El pueblo, sacerdotes y obispos imploraron a Dios por las vocaciones sacerdotales y por los frutos de esta celebraci\u00f3n jubilar.<\/p>\n","protected":false},"excerpt":{"rendered":"<p>SAN CRIST\u00d3BAL \u2013 Venezuela. La Di\u00f3cesis de San Crist\u00f3bal comenz\u00f3 el calendario celebrativo de los 100 a\u00f1os. Durante el fin de semana se cumpli\u00f3 el encendido del Cirio que marcar\u00e1 el camino jubilar. En comuni\u00f3n con la Iglesia Universal empez\u00f3 la fase diocesana del S\u00ednodo. La ceremonia fue presidida por monse\u00f1or Mario Moronta, obispo de &hellip;<\/p>\n","protected":false},"author":1,"featured_media":37272,"comment_status":"open","ping_status":"open","sticky":false,"template":"","format":"standard","meta":{"footnotes":""},"categories":[4,6],"tags":[5284,1584,5283],"class_list":["post-37271","post","type-post","status-publish","format-standard","has-post-thumbnail","hentry","category-barra","category-ojo-avizor","tag-ano-jubilar","tag-diocesis-de-san-cristobal","tag-sinodo"],"_links":{"self":[{"href":"https:\/\/contraluzcucuta.co\/index.php?rest_route=\/wp\/v2\/posts\/37271","targetHints":{"allow":["GET"]}}],"collection":[{"href":"https:\/\/contraluzcucuta.co\/index.php?rest_route=\/wp\/v2\/posts"}],"about":[{"href":"https:\/\/contraluzcucuta.co\/index.php?rest_route=\/wp\/v2\/types\/post"}],"author":[{"embeddable":true,"href":"https:\/\/contraluzcucuta.co\/index.php?rest_route=\/wp\/v2\/users\/1"}],"replies":[{"embeddable":true,"href":"https:\/\/contraluzcucuta.co\/index.php?rest_route=%2Fwp%2Fv2%2Fcomments&post=37271"}],"version-history":[{"count":1,"href":"https:\/\/contraluzcucuta.co\/index.php?rest_route=\/wp\/v2\/posts\/37271\/revisions"}],"predecessor-version":[{"id":37273,"href":"https:\/\/contraluzcucuta.co\/index.php?rest_route=\/wp\/v2\/posts\/37271\/revisions\/37273"}],"wp:featuredmedia":[{"embeddable":true,"href":"https:\/\/contraluzcucuta.co\/index.php?rest_route=\/wp\/v2\/media\/37272"}],"wp:attachment":[{"href":"https:\/\/contraluzcucuta.co\/index.php?rest_route=%2Fwp%2Fv2%2Fmedia&parent=37271"}],"wp:term":[{"taxonomy":"category","embeddable":true,"href":"https:\/\/contraluzcucuta.co\/index.php?rest_route=%2Fwp%2Fv2%2Fcategories&post=37271"},{"taxonomy":"post_tag","embeddable":true,"href":"https:\/\/contraluzcucuta.co\/index.php?rest_route=%2Fwp%2Fv2%2Ftags&post=37271"}],"curies":[{"name":"wp","href":"https:\/\/api.w.org\/{rel}","templated":true}]}}