{"id":37249,"date":"2021-10-07T09:50:14","date_gmt":"2021-10-07T14:50:14","guid":{"rendered":"http:\/\/contraluzcucuta.co\/?p=37249"},"modified":"2021-10-07T09:50:14","modified_gmt":"2021-10-07T14:50:14","slug":"pregunta-capciosa-estamos-de-bicentenario-de-que-nos-sirve","status":"publish","type":"post","link":"https:\/\/contraluzcucuta.co\/?p=37249","title":{"rendered":"PREGUNTA CAPCIOSA. Estamos de Bicentenario. \u00bfDe qu\u00e9 nos sirve?"},"content":{"rendered":"<p style=\"padding-left: 40px; text-align: right;\"><strong><span style=\"color: #ff9900;\">C\u00daCUTA.- El pa\u00eds est\u00e1 de fiesta. La historia recuerda que hace 200 a\u00f1os se reuni\u00f3 el primer Congreso de la Rep\u00fablica de Colombia, desarrollado entre el 6 de mayo y el 14 de octubre de 1821, en Villa del Rosario, y la promulgaci\u00f3n de la primera Constituci\u00f3n del pa\u00eds.<\/span><\/strong><\/p>\n<p>La revista <a href=\"http:\/\/www.contraluzcucuta.co\">www.contraluzcucuta.co<\/a> pregunt\u00f3 a los lectores \u00bfDe qu\u00e9 nos sirve este repaso en el tiempo? Estos son algunos de los comentarios:<\/p>\n<p>1.- Leonel Matamoros<\/p>\n<p>&#8211; De que no hay mermelada<\/p>\n<p>2.- Mario L\u00f3pez Su\u00e1rez<\/p>\n<p>&#8211; De nada. Doscientos a\u00f1os perdidos.<\/p>\n<p>3.- Luis Gabriel Fonseca<\/p>\n<p>&#8211; Saber nuestro acervo hist\u00f3rico, exaltar la tierra donde vivimos y sobre todo el sentido de pertenencia por la regi\u00f3n<\/p>\n<p>4.- Joseangel Duran<\/p>\n<p>&#8211; Puro circo&#8230;<\/p>\n<p>5.- Alejo Sierra<\/p>\n<p>&#8211; Obvio, para que el pa\u00eds se d\u00e9 cuenta del abandono a la zona hist\u00f3rica.<\/p>\n<p>6.- Lorena Quintana P\u00e1ez<\/p>\n<p>&#8211; Alejo Sierra, aqu\u00ed todo est\u00e1 perfectamente hermoso<\/p>\n<p>7.- Jairo Casta\u00f1eda<\/p>\n<p>&#8211; Ni puta idea.<\/p>\n<p>8.- Ismael Canavate Cadena<\/p>\n<p>&#8211; L\u00e1stima esa platica que se invirti\u00f3 en el bicentenario. Otro show medi\u00e1tico<\/p>\n<p>9.- Martha Fl\u00f3rez<\/p>\n<p>&#8211; Para gastar dinero que hace falta para muchas cosas. Trastornar el transporte y el trabajo. Y aparentar lo que no somos ni tenemos.<\/p>\n<p>10.- Ra\u00fal Enrique Acosta M\u00e9ndez<\/p>\n<p>&#8211; El significado Bicentenario es algo muy parecido a los gatos. O sea, tapar la mierda para que no se vea<\/p>\n<p>11.- Patto Quintero Rodr\u00edguez<\/p>\n<p>&#8211; Sin palabras.<\/p>\n<p>12.- Ismael Sierra<\/p>\n<p>&#8211; Para gastarle el almuerzo a los visitantes. Pobres, no tienen nadita que comer.<\/p>\n<p>13.- Mar\u00eda Camargo<\/p>\n<p>&#8211; De pantalla, nada m\u00e1s<\/p>\n<p>14.- Omar El\u00edas Laguado Nieto<\/p>\n<p>&#8211; Asearon el mayor pu\u2026dero del \u00e1rea metropolitana, dominada por venezolanos, olla de consumo de droga, prostituci\u00f3n. La pl\u00e1tica que Duque dijo que enviaba se la embolsaron, ni una sola obra para Villa del Rosario, como todo lo de Duque&#8230;inconcluso. Historiadores de otras partes. Invitados solo dos nortesantandereanos Gobernador y Jos\u00e9 Antonio Lizarazo.<\/p>\n<p>15.- TanTan Ruiz Carrillo<\/p>\n<p>&#8211; Ni van a dejar ver los actos al pueblo mismo&#8230; Puro personaje &#8220;ilustre&#8221;<\/p>\n<p>16.- Vicente Garc\u00eda-Granados<\/p>\n<p>&#8211; Las celebraciones hist\u00f3ricas tienen en mi criterio como fin mantener los valores de patriotismo, reconocimiento del origen y respeto por lo que somos.<\/p>\n<p>17.- German Garza Villamizar<\/p>\n<p>&#8211; El momento protag\u00f3nico de C\u00facuta y Villa del Rosario, aporta a la reactivaci\u00f3n comercial, tambi\u00e9n para los que asistieron a una primaria de calidad, permite retomar la memoria historia de nuestro pa\u00eds. Para los menos afortunados que s\u00f3lo saben usar el WhatsApp no representa nada.<\/p>\n<p>18.- Leidy Aristizabal<\/p>\n<p>&#8211; De nada profe, porque van los presidentes y &#8230;<\/p>\n<p>19.- Jairo Eduardo Oviedo M.<\/p>\n<p>&#8211; Para los entes gubernamentales, justificar una platica en actos, eventos, protocolo y parafernalia&#8230; para la gente de a pie, como nosotros&#8230; ni idea. No s\u00e9 qu\u00e9 obra de envergadura le dej\u00f3 este tema a la regi\u00f3n. De una cosa si estoy seguro&#8230; Si hubiera sido en Barranquilla, estar\u00edamos inaugurando &#8220;cipote&#8221; obra&#8230;<\/p>\n<p>20.- Alejandro Cort\u00e9s Castellanos<\/p>\n<p>&#8211; S\u00ed, nos deja la satisfacci\u00f3n de haber participado en los actos de los primeros 200 a\u00f1os del nacimiento de la Patria. Pasar\u00e1n varias generaciones para que vean otra conmemoraci\u00f3n de la Constituci\u00f3n, ser\u00e1 en el 2121 dentro de 100 a\u00f1os.<\/p>\n<p>21.- Ramon Eli Tamara Rivera<\/p>\n<p>Deja ver el estado de abandono del parque Grancolombiano&#8230; qu\u00e9 verg\u00fcenza&#8230; P\u00edrrica presentaci\u00f3n, mire la clase de invitados&#8230; tres pelagatos&#8230; verg\u00fcenza Nacional&#8230;<\/p>\n","protected":false},"excerpt":{"rendered":"<p>C\u00daCUTA.- El pa\u00eds est\u00e1 de fiesta. La historia recuerda que hace 200 a\u00f1os se reuni\u00f3 el primer Congreso de la Rep\u00fablica de Colombia, desarrollado entre el 6 de mayo y el 14 de octubre de 1821, en Villa del Rosario, y la promulgaci\u00f3n de la primera Constituci\u00f3n del pa\u00eds. La revista www.contraluzcucuta.co pregunt\u00f3 a los &hellip;<\/p>\n","protected":false},"author":1,"featured_media":37250,"comment_status":"open","ping_status":"open","sticky":false,"template":"","format":"standard","meta":{"footnotes":""},"categories":[45,4],"tags":[5277,4339],"class_list":["post-37249","post","type-post","status-publish","format-standard","has-post-thumbnail","hentry","category-destacado","category-barra","tag-bicentenario-de-la-constitucion","tag-presidente-ivan-duque"],"_links":{"self":[{"href":"https:\/\/contraluzcucuta.co\/index.php?rest_route=\/wp\/v2\/posts\/37249","targetHints":{"allow":["GET"]}}],"collection":[{"href":"https:\/\/contraluzcucuta.co\/index.php?rest_route=\/wp\/v2\/posts"}],"about":[{"href":"https:\/\/contraluzcucuta.co\/index.php?rest_route=\/wp\/v2\/types\/post"}],"author":[{"embeddable":true,"href":"https:\/\/contraluzcucuta.co\/index.php?rest_route=\/wp\/v2\/users\/1"}],"replies":[{"embeddable":true,"href":"https:\/\/contraluzcucuta.co\/index.php?rest_route=%2Fwp%2Fv2%2Fcomments&post=37249"}],"version-history":[{"count":1,"href":"https:\/\/contraluzcucuta.co\/index.php?rest_route=\/wp\/v2\/posts\/37249\/revisions"}],"predecessor-version":[{"id":37251,"href":"https:\/\/contraluzcucuta.co\/index.php?rest_route=\/wp\/v2\/posts\/37249\/revisions\/37251"}],"wp:featuredmedia":[{"embeddable":true,"href":"https:\/\/contraluzcucuta.co\/index.php?rest_route=\/wp\/v2\/media\/37250"}],"wp:attachment":[{"href":"https:\/\/contraluzcucuta.co\/index.php?rest_route=%2Fwp%2Fv2%2Fmedia&parent=37249"}],"wp:term":[{"taxonomy":"category","embeddable":true,"href":"https:\/\/contraluzcucuta.co\/index.php?rest_route=%2Fwp%2Fv2%2Fcategories&post=37249"},{"taxonomy":"post_tag","embeddable":true,"href":"https:\/\/contraluzcucuta.co\/index.php?rest_route=%2Fwp%2Fv2%2Ftags&post=37249"}],"curies":[{"name":"wp","href":"https:\/\/api.w.org\/{rel}","templated":true}]}}