{"id":37242,"date":"2021-10-03T08:36:50","date_gmt":"2021-10-03T13:36:50","guid":{"rendered":"http:\/\/contraluzcucuta.co\/?p=37242"},"modified":"2021-10-03T08:36:50","modified_gmt":"2021-10-03T13:36:50","slug":"decreto-0288-7-de-octubre-dia-civico-sin-carro-ni-moto-en-cucuta","status":"publish","type":"post","link":"https:\/\/contraluzcucuta.co\/?p=37242","title":{"rendered":"DECRETO 0288. 7 de octubre, d\u00eda c\u00edvico, sin carro ni moto, en C\u00facuta"},"content":{"rendered":"<p style=\"padding-left: 40px; text-align: right;\"><strong><span style=\"color: #ff9900;\">C\u00daCUTA.- El 7 de octubre ser\u00e1 d\u00eda c\u00edvico, sin carro ni moto, en C\u00facuta. As\u00ed lo decreto el alcalde Jairo Y\u00e1\u00f1ez, con el fin de garantizar el desarrollo y la participaci\u00f3n de la comunidad en las actividades culturales correspondientes a la celebraci\u00f3n del Bicentenario de la Constituci\u00f3n de la Rep\u00fablica de Colombia (1821).<\/span><\/strong><\/p>\n<p>La medida no cobija a las entidades oficiales que prestan atenci\u00f3n inaplazable para los cucute\u00f1os. La circulaci\u00f3n de automotores qued\u00f3 suspendida entre las 6:00 de la ma\u00f1ana y las 8:00 de la noche, con algunas excepciones.<\/p>\n<p>Mediante el Decreto 0288, tambi\u00e9n, se declar\u00f3 la alerta amarilla hospitalaria en el municipio, del 5 al 8 de octubre. El objetivo de la disposici\u00f3n es \u201cgarantizar una adecuada prestaci\u00f3n de los servicios de salud en los eventos que puedan presentante\u201d durante la rememoraci\u00f3n hist\u00f3rica.<\/p>\n<p>Otras medidas adoptadas por la Alcald\u00eda son las siguientes:<\/p>\n<p>1.- Prohibido el porte de todo tipo de armas traum\u00e1ticas, contundentes, cortopunzantes, punzantes y similares.<\/p>\n<p>2.- Prohibido el consumo y venta de bebidas embriagantes a partir de las 8:00 de la ma\u00f1ana del 6 de octubre, hasta la 1:00 de la tarde del 7 de octubre.<\/p>\n<p>3.- Prohibido el transporte y disposici\u00f3n de escombros y cilindros de gas en v\u00edas, inmuebles y lotes particulares; el trasporte de trasteos y acarreos, a partir de las cero horas del 4 de octubre hasta las cero horas del 9 de octubre.<\/p>\n<p>4.- Prohibido el uso de drones en los per\u00edmetros urbano y rural del municipio a partir de las cero horas del 5 de octubre hasta las 11:59 de la noche del 7 de octubre.<\/p>\n<p>5.- Prohibido la circulaci\u00f3n de motos, cuatrimotos, motocarros y mototriciclos en el municipio, el 6 y 8 de octubre.<\/p>\n<p>6.- Prohibido el acompa\u00f1ante, hombre o mujer, en motocicletas, el 6 y 8 de octubre.<\/p>\n<p>7.- Cierre temporal de v\u00edas e intersecciones necesarias para e desarrollo de las actividades culturales programadas con ocasi\u00f3n del Bicentenario, del 5 al 8 de octubre.<\/p>\n","protected":false},"excerpt":{"rendered":"<p>C\u00daCUTA.- El 7 de octubre ser\u00e1 d\u00eda c\u00edvico, sin carro ni moto, en C\u00facuta. As\u00ed lo decreto el alcalde Jairo Y\u00e1\u00f1ez, con el fin de garantizar el desarrollo y la participaci\u00f3n de la comunidad en las actividades culturales correspondientes a la celebraci\u00f3n del Bicentenario de la Constituci\u00f3n de la Rep\u00fablica de Colombia (1821). La medida &hellip;<\/p>\n","protected":false},"author":1,"featured_media":37243,"comment_status":"open","ping_status":"open","sticky":false,"template":"","format":"standard","meta":{"footnotes":""},"categories":[2625,4],"tags":[226,5277,5276,1743],"class_list":["post-37242","post","type-post","status-publish","format-standard","has-post-thumbnail","hentry","category-alcaldia-de-cucuta","category-barra","tag-alcaldia-de-cucuta","tag-bicentenario-de-la-constitucion","tag-decreto-0288","tag-dia-sin-carro-y-sin-moto"],"_links":{"self":[{"href":"https:\/\/contraluzcucuta.co\/index.php?rest_route=\/wp\/v2\/posts\/37242","targetHints":{"allow":["GET"]}}],"collection":[{"href":"https:\/\/contraluzcucuta.co\/index.php?rest_route=\/wp\/v2\/posts"}],"about":[{"href":"https:\/\/contraluzcucuta.co\/index.php?rest_route=\/wp\/v2\/types\/post"}],"author":[{"embeddable":true,"href":"https:\/\/contraluzcucuta.co\/index.php?rest_route=\/wp\/v2\/users\/1"}],"replies":[{"embeddable":true,"href":"https:\/\/contraluzcucuta.co\/index.php?rest_route=%2Fwp%2Fv2%2Fcomments&post=37242"}],"version-history":[{"count":1,"href":"https:\/\/contraluzcucuta.co\/index.php?rest_route=\/wp\/v2\/posts\/37242\/revisions"}],"predecessor-version":[{"id":37244,"href":"https:\/\/contraluzcucuta.co\/index.php?rest_route=\/wp\/v2\/posts\/37242\/revisions\/37244"}],"wp:featuredmedia":[{"embeddable":true,"href":"https:\/\/contraluzcucuta.co\/index.php?rest_route=\/wp\/v2\/media\/37243"}],"wp:attachment":[{"href":"https:\/\/contraluzcucuta.co\/index.php?rest_route=%2Fwp%2Fv2%2Fmedia&parent=37242"}],"wp:term":[{"taxonomy":"category","embeddable":true,"href":"https:\/\/contraluzcucuta.co\/index.php?rest_route=%2Fwp%2Fv2%2Fcategories&post=37242"},{"taxonomy":"post_tag","embeddable":true,"href":"https:\/\/contraluzcucuta.co\/index.php?rest_route=%2Fwp%2Fv2%2Ftags&post=37242"}],"curies":[{"name":"wp","href":"https:\/\/api.w.org\/{rel}","templated":true}]}}