{"id":37232,"date":"2021-10-02T10:28:12","date_gmt":"2021-10-02T15:28:12","guid":{"rendered":"http:\/\/contraluzcucuta.co\/?p=37232"},"modified":"2021-10-02T10:29:17","modified_gmt":"2021-10-02T15:29:17","slug":"premio-la-bagatela-cpc-reconocio-el-trabajo-periodistico-nacional","status":"publish","type":"post","link":"https:\/\/contraluzcucuta.co\/?p=37232","title":{"rendered":"PREMIO LA BAGATELA. CPC reconoci\u00f3 el trabajo period\u00edstico nacional"},"content":{"rendered":"<p style=\"padding-left: 40px; text-align: right;\"><strong><span style=\"color: #ff9900;\">C\u00daCUTA.- En ocho categor\u00edas se entreg\u00f3 el premio nacional de periodismo La Bagatela. El concurso es organizado por el C\u00edrculo de Periodistas de Norte de Santander y buscar resaltar los mejores trabajos de los comunicadores en el pa\u00eds.<\/span><\/strong><\/p>\n<p>\u201cEste es un premio pensado en funci\u00f3n del periodismo, para estimular el talento aplicado a la investigaci\u00f3n, a la narrativa informativa, a la visi\u00f3n creadora, a la responsabilidad que impone calidad con exactitud y toma en cuenta la claridad y la est\u00e9tica del lenguaje, y el compromiso de la \u00e9tica\u201d, dijo el presidente de la Fundaci\u00f3n Premio de Periodismo La Bagatela e el acto de entrega.<\/p>\n<p>Los galardonados son:<\/p>\n<p>1.- Deivi Mozart Safadi Pupo, en caricatura<\/p>\n<p>2.- Diego Su\u00e1rez Plata, en cine documental<\/p>\n<p>3.- Juan Pablo Bayona, en fotograf\u00eda<\/p>\n<p>4.- Omar Andr\u00e9s Carrasquilla, en prensa<\/p>\n<p>5.- Anthony F. Pacheco, Johanna D. Lobo y Geovanny Mej\u00eda, en televisi\u00f3n<\/p>\n<p>6.- Angie Catherine Blum y Wendy Bar\u00f3n, en tesis de grado<\/p>\n<p>7.- Yeimy Rozo, Rayner Lizarazo y Wilmar Berm\u00fadez, en radio<\/p>\n<p>8.- Gustavo Pel\u00e1ez, Luna Gonima, Carlos Beltr\u00e1n, Mar\u00eda Luisa Villegas y Gabriel Avenda\u00f1o, en medios digitales.<\/p>\n<ol start=\"9\">\n<li>El premio sobre el bicentenario de la Constituci\u00f3n lo recibi\u00f3 Jhon Carlos Le\u00f3n Buend\u00eda.<a href=\"https:\/\/contraluzcucuta.co\/wp-content\/uploads\/2021\/10\/CPC-GANADORES-2021-2.png\"><img loading=\"lazy\" decoding=\"async\" class=\"alignnone size-medium wp-image-37234\" src=\"https:\/\/contraluzcucuta.co\/wp-content\/uploads\/2021\/10\/CPC-GANADORES-2021-2-300x200.png\" alt=\"\" width=\"300\" height=\"200\" srcset=\"https:\/\/contraluzcucuta.co\/wp-content\/uploads\/2021\/10\/CPC-GANADORES-2021-2-300x200.png 300w, https:\/\/contraluzcucuta.co\/wp-content\/uploads\/2021\/10\/CPC-GANADORES-2021-2.png 597w\" sizes=\"auto, (max-width: 300px) 100vw, 300px\" \/><\/a> El premio al m\u00e9rito period\u00edstico Eustorgio Colmenares Baptista, lo gan\u00f3 Miguel M\u00e9ndez Camacho.<\/li>\n<\/ol>\n<p>El jurado en la versi\u00f3n 2021 estuvo integrado por Elker Buitrago, Consuelo Cepeda, Mar\u00eda Alejandra Villamizar, Edgar Cusg\u00fcen, Amparo P\u00e9rez, Alberto Abello, Gustavo Castro Caycedo, Armando Mart\u00ednez Gandica y Cicer\u00f3n Fl\u00f3rez Moya.<\/p>\n<p>\u201cCuando se asume la premiaci\u00f3n a los periodistas por la calidad de su trabajo, por los m\u00e9ritos ganados en su traves\u00eda de comunicadores id\u00f3neos y sin tachaduras, se parte de la certeza en tal reconocimiento\u201d, dijo el presidente de la Fundaci\u00f3n.<\/p>\n","protected":false},"excerpt":{"rendered":"<p>C\u00daCUTA.- En ocho categor\u00edas se entreg\u00f3 el premio nacional de periodismo La Bagatela. El concurso es organizado por el C\u00edrculo de Periodistas de Norte de Santander y buscar resaltar los mejores trabajos de los comunicadores en el pa\u00eds. \u201cEste es un premio pensado en funci\u00f3n del periodismo, para estimular el talento aplicado a la investigaci\u00f3n, &hellip;<\/p>\n","protected":false},"author":1,"featured_media":37233,"comment_status":"open","ping_status":"open","sticky":false,"template":"","format":"standard","meta":{"footnotes":""},"categories":[4,37],"tags":[4451,3116],"class_list":["post-37232","post","type-post","status-publish","format-standard","has-post-thumbnail","hentry","category-barra","category-paseo-cultural","tag-cpc","tag-premio-la-bagatela"],"_links":{"self":[{"href":"https:\/\/contraluzcucuta.co\/index.php?rest_route=\/wp\/v2\/posts\/37232","targetHints":{"allow":["GET"]}}],"collection":[{"href":"https:\/\/contraluzcucuta.co\/index.php?rest_route=\/wp\/v2\/posts"}],"about":[{"href":"https:\/\/contraluzcucuta.co\/index.php?rest_route=\/wp\/v2\/types\/post"}],"author":[{"embeddable":true,"href":"https:\/\/contraluzcucuta.co\/index.php?rest_route=\/wp\/v2\/users\/1"}],"replies":[{"embeddable":true,"href":"https:\/\/contraluzcucuta.co\/index.php?rest_route=%2Fwp%2Fv2%2Fcomments&post=37232"}],"version-history":[{"count":2,"href":"https:\/\/contraluzcucuta.co\/index.php?rest_route=\/wp\/v2\/posts\/37232\/revisions"}],"predecessor-version":[{"id":37236,"href":"https:\/\/contraluzcucuta.co\/index.php?rest_route=\/wp\/v2\/posts\/37232\/revisions\/37236"}],"wp:featuredmedia":[{"embeddable":true,"href":"https:\/\/contraluzcucuta.co\/index.php?rest_route=\/wp\/v2\/media\/37233"}],"wp:attachment":[{"href":"https:\/\/contraluzcucuta.co\/index.php?rest_route=%2Fwp%2Fv2%2Fmedia&parent=37232"}],"wp:term":[{"taxonomy":"category","embeddable":true,"href":"https:\/\/contraluzcucuta.co\/index.php?rest_route=%2Fwp%2Fv2%2Fcategories&post=37232"},{"taxonomy":"post_tag","embeddable":true,"href":"https:\/\/contraluzcucuta.co\/index.php?rest_route=%2Fwp%2Fv2%2Ftags&post=37232"}],"curies":[{"name":"wp","href":"https:\/\/api.w.org\/{rel}","templated":true}]}}