{"id":37225,"date":"2021-10-02T09:18:52","date_gmt":"2021-10-02T14:18:52","guid":{"rendered":"http:\/\/contraluzcucuta.co\/?p=37225"},"modified":"2021-10-02T09:19:38","modified_gmt":"2021-10-02T14:19:38","slug":"fondo-adaptacion-construccion-de-las-128-viviendas-restantes-de-gramalote","status":"publish","type":"post","link":"https:\/\/contraluzcucuta.co\/?p=37225","title":{"rendered":"FONDO ADAPTACI\u00d3N. Construcci\u00f3n de las 128 viviendas restantes de Gramalote"},"content":{"rendered":"<p><strong>BOGOT\u00c1.-<\/strong> El Fondo Adaptaci\u00f3n explicar\u00e1, el 5 de octubre, a la comunidad de Gramalote, los resultados del proceso para terminar la construcci\u00f3n de las \u00faltimas 128 viviendas en el municipio.<\/p>\n<p>Sandra Murcia, secretaria general de la entidad, dar\u00e1 a conocer a los beneficiados las decisiones adoptadas para cumplir con el compromiso de entregar las casas.<\/p>\n<p>La charla informativa tendr\u00e1 lugar en el colegio Sagrado Coraz\u00f3n de Jes\u00fas, a partir de las 9:00 de la ma\u00f1ana.<\/p>\n","protected":false},"excerpt":{"rendered":"<p>BOGOT\u00c1.- El Fondo Adaptaci\u00f3n explicar\u00e1, el 5 de octubre, a la comunidad de Gramalote, los resultados del proceso para terminar la construcci\u00f3n de las \u00faltimas 128 viviendas en el municipio. Sandra Murcia, secretaria general de la entidad, dar\u00e1 a conocer a los beneficiados las decisiones adoptadas para cumplir con el compromiso de entregar las casas. &hellip;<\/p>\n","protected":false},"author":1,"featured_media":37226,"comment_status":"open","ping_status":"open","sticky":false,"template":"","format":"standard","meta":{"footnotes":""},"categories":[4,6],"tags":[1248,13,153],"class_list":["post-37225","post","type-post","status-publish","format-standard","has-post-thumbnail","hentry","category-barra","category-ojo-avizor","tag-fondo-adaptacion","tag-gramalote","tag-nuevo-gramalote"],"_links":{"self":[{"href":"https:\/\/contraluzcucuta.co\/index.php?rest_route=\/wp\/v2\/posts\/37225","targetHints":{"allow":["GET"]}}],"collection":[{"href":"https:\/\/contraluzcucuta.co\/index.php?rest_route=\/wp\/v2\/posts"}],"about":[{"href":"https:\/\/contraluzcucuta.co\/index.php?rest_route=\/wp\/v2\/types\/post"}],"author":[{"embeddable":true,"href":"https:\/\/contraluzcucuta.co\/index.php?rest_route=\/wp\/v2\/users\/1"}],"replies":[{"embeddable":true,"href":"https:\/\/contraluzcucuta.co\/index.php?rest_route=%2Fwp%2Fv2%2Fcomments&post=37225"}],"version-history":[{"count":1,"href":"https:\/\/contraluzcucuta.co\/index.php?rest_route=\/wp\/v2\/posts\/37225\/revisions"}],"predecessor-version":[{"id":37227,"href":"https:\/\/contraluzcucuta.co\/index.php?rest_route=\/wp\/v2\/posts\/37225\/revisions\/37227"}],"wp:featuredmedia":[{"embeddable":true,"href":"https:\/\/contraluzcucuta.co\/index.php?rest_route=\/wp\/v2\/media\/37226"}],"wp:attachment":[{"href":"https:\/\/contraluzcucuta.co\/index.php?rest_route=%2Fwp%2Fv2%2Fmedia&parent=37225"}],"wp:term":[{"taxonomy":"category","embeddable":true,"href":"https:\/\/contraluzcucuta.co\/index.php?rest_route=%2Fwp%2Fv2%2Fcategories&post=37225"},{"taxonomy":"post_tag","embeddable":true,"href":"https:\/\/contraluzcucuta.co\/index.php?rest_route=%2Fwp%2Fv2%2Ftags&post=37225"}],"curies":[{"name":"wp","href":"https:\/\/api.w.org\/{rel}","templated":true}]}}