{"id":37172,"date":"2021-09-13T17:16:35","date_gmt":"2021-09-13T22:16:35","guid":{"rendered":"http:\/\/contraluzcucuta.co\/?p=37172"},"modified":"2021-09-13T17:16:35","modified_gmt":"2021-09-13T22:16:35","slug":"diocesis-de-cucuta-uno-no-puede-ver-en-todos-lados-al-demonio-nuevo-sacerdote-exorcista","status":"publish","type":"post","link":"https:\/\/contraluzcucuta.co\/?p=37172","title":{"rendered":"DI\u00d3CESIS DE C\u00daCUTA: \u201cUno no puede ver en todos lados al demonio\u201d: Nuevo sacerdote exorcista"},"content":{"rendered":"<p style=\"padding-left: 40px; text-align: right;\"><strong><span style=\"color: #ff9900;\">C\u00daCUTA.- El padre Rafael Humberto C\u00e1rdenas Leal, p\u00e1rroco de San Mart\u00edn de Sardinata, fue nombrado nuevo sacerdote con licencia para practicar exorcismos en la Iglesia Particular de C\u00facuta. Monse\u00f1or Pedro Alejandrino Botello, fallecido el 16 de junio, era el \u00fanico habilitado para hacerlo.<\/span><\/strong><\/p>\n<p>Al administrador apost\u00f3lico de la Di\u00f3cesis, monse\u00f1or Jos\u00e9 Libardo Garc\u00e9s, hizo el nombramiento, teniendo en cuenta la rectitud de vida y madurez en el ministerio sacerdotal del padre C\u00e1rdenas Leal.<\/p>\n<p>La Iglesia Cat\u00f3lica, con el deseo de atender al pueblo de Dios y proveer su bienestar espiritual, ofrece permanentemente orientaci\u00f3n espiritual y humana, por lo que, si alg\u00fan feligr\u00e9s presenta alguna situaci\u00f3n anormal en su comportamiento, estado f\u00edsico o espiritual, debe acudir en primera medida al p\u00e1rroco de su comunidad, quien es el que determinar\u00e1 si amerita un encuentro con el delegado para exorcismos.<\/p>\n<p>El padre Rafael C\u00e1rdenas, de 64 a\u00f1os de vida y 35 a\u00f1os de sacerdocio, naci\u00f3 en el corregimiento El Carmen de Nazareth (Salazar de las Palmas). Desde peque\u00f1o lo ha marcado el amor de la gente hacia el sacerdocio y a la Iglesia.<\/p>\n<p>Acerca del nombramiento dijo que \u201clo tomo con obediencia, porque es la Iglesia y mi Obispo quien me pide esto. S\u00e9 que soy supremamente limitado, pero cuento con Dios y la protecci\u00f3n de la Iglesia, entonces lo har\u00e9\u201d.<\/p>\n<p>El presb\u00edtero nunca contempl\u00f3 la posibilidad de servir desde este cargo. Reconoci\u00f3 la admiraci\u00f3n por monse\u00f1or Pedro Botello, porque \u201cnos ense\u00f1\u00f3 a escuchar y a ayudar a la gente en tantas situaciones cr\u00edticas, en sus sufrimientos. Pero como tal, no me esperaba prestar este servicio\u201d.<\/p>\n<p>C\u00e1rdenas Leal se prepara con oraci\u00f3n, le pide al Se\u00f1or que le conceda la gracia de ayudar a las personas, aunque finalmente \u00c9l es quien lo hace, \u201cyo soy solo su instrumento\u201d. Las oraciones son las Laudes, el Oficio de Lectura, la oraci\u00f3n de V\u00edsperas, las Completas, la adoraci\u00f3n al Sant\u00edsimo y la celebraci\u00f3n de la Santa Misa.<\/p>\n<p>\u201cSe nos ha ense\u00f1ado en 99 %, que la actuaci\u00f3n del demonio es la tentaci\u00f3n y el ejemplo m\u00e1s claro es Ad\u00e1n y Eva en El Para\u00edso. Uno no puede ver en todos lados al demonio, porque la tentaci\u00f3n s\u00ed est\u00e1 ah\u00ed, pero recordemos que como bautizados, somos de Cristo y formamos un solo cuerpo con \u00c9l y nuestra alianza es con \u00c9l\u201d.<\/p>\n<p>Se\u00f1al\u00f3 que en el momento de sentir un hecho fuera de lo normal se debe acudir al p\u00e1rroco para que escuche, discierna y diagnostique la situaci\u00f3n. Cuando el caso es grave se remite al exorcismo, como \u00faltimo recurso. \u201cPara decir que alguien est\u00e1 pose\u00eddo por el demonio se requiere de mucha prudencia\u201d.<\/p>\n","protected":false},"excerpt":{"rendered":"<p>C\u00daCUTA.- El padre Rafael Humberto C\u00e1rdenas Leal, p\u00e1rroco de San Mart\u00edn de Sardinata, fue nombrado nuevo sacerdote con licencia para practicar exorcismos en la Iglesia Particular de C\u00facuta. Monse\u00f1or Pedro Alejandrino Botello, fallecido el 16 de junio, era el \u00fanico habilitado para hacerlo. Al administrador apost\u00f3lico de la Di\u00f3cesis, monse\u00f1or Jos\u00e9 Libardo Garc\u00e9s, hizo el &hellip;<\/p>\n","protected":false},"author":1,"featured_media":37173,"comment_status":"open","ping_status":"open","sticky":false,"template":"","format":"standard","meta":{"footnotes":""},"categories":[45,4],"tags":[8,5153,5262],"class_list":["post-37172","post","type-post","status-publish","format-standard","has-post-thumbnail","hentry","category-destacado","category-barra","tag-diocesis-de-cucuta","tag-monsenor-jose-libardo-garces","tag-padre-rafael-cardenas"],"_links":{"self":[{"href":"https:\/\/contraluzcucuta.co\/index.php?rest_route=\/wp\/v2\/posts\/37172","targetHints":{"allow":["GET"]}}],"collection":[{"href":"https:\/\/contraluzcucuta.co\/index.php?rest_route=\/wp\/v2\/posts"}],"about":[{"href":"https:\/\/contraluzcucuta.co\/index.php?rest_route=\/wp\/v2\/types\/post"}],"author":[{"embeddable":true,"href":"https:\/\/contraluzcucuta.co\/index.php?rest_route=\/wp\/v2\/users\/1"}],"replies":[{"embeddable":true,"href":"https:\/\/contraluzcucuta.co\/index.php?rest_route=%2Fwp%2Fv2%2Fcomments&post=37172"}],"version-history":[{"count":1,"href":"https:\/\/contraluzcucuta.co\/index.php?rest_route=\/wp\/v2\/posts\/37172\/revisions"}],"predecessor-version":[{"id":37174,"href":"https:\/\/contraluzcucuta.co\/index.php?rest_route=\/wp\/v2\/posts\/37172\/revisions\/37174"}],"wp:featuredmedia":[{"embeddable":true,"href":"https:\/\/contraluzcucuta.co\/index.php?rest_route=\/wp\/v2\/media\/37173"}],"wp:attachment":[{"href":"https:\/\/contraluzcucuta.co\/index.php?rest_route=%2Fwp%2Fv2%2Fmedia&parent=37172"}],"wp:term":[{"taxonomy":"category","embeddable":true,"href":"https:\/\/contraluzcucuta.co\/index.php?rest_route=%2Fwp%2Fv2%2Fcategories&post=37172"},{"taxonomy":"post_tag","embeddable":true,"href":"https:\/\/contraluzcucuta.co\/index.php?rest_route=%2Fwp%2Fv2%2Ftags&post=37172"}],"curies":[{"name":"wp","href":"https:\/\/api.w.org\/{rel}","templated":true}]}}