{"id":37105,"date":"2021-08-23T19:12:29","date_gmt":"2021-08-24T00:12:29","guid":{"rendered":"http:\/\/contraluzcucuta.co\/?p=37105"},"modified":"2021-08-23T19:23:29","modified_gmt":"2021-08-24T00:23:29","slug":"conectando-caminos-14-entidades-revisan-plan-para-defender-a-los-menores-migrantes","status":"publish","type":"post","link":"https:\/\/contraluzcucuta.co\/?p=37105","title":{"rendered":"CONECTANDO CAMINOS. 14 entidades revisan plan para defender a los menores migrantes"},"content":{"rendered":"<p style=\"padding-left: 40px; text-align: right;\"><strong><span style=\"color: #ff9900;\">BOGOT\u00c1.- 484.000 menores de edad migrantes venezolanos afrontan riesgos de vulneraci\u00f3n en Colombia. Como iniciativa de Conectando Caminos por los Derechos se reunir\u00e1n en C\u00facuta, el 24 y 25 de agosto, entidades y l\u00edderes para respaldar a esta poblaci\u00f3n.<\/span><\/strong><\/p>\n<p>Las organizaciones, entre las que integran el Comit\u00e9 Departamental para la prevenci\u00f3n del reclutamiento uso, utilizaci\u00f3n y violencia sexual contra ni\u00f1os y adolescentes, analizar\u00e1n las situaciones de riesgo de la infancia y la adolescencia refugiada y migrante, con vocaci\u00f3n de tr\u00e1nsito, permanencia o migraci\u00f3n pendular en Norte de Santander.<\/p>\n<p>La reuni\u00f3n se desarrollar\u00e1 en cumplimiento del acuerdo de cooperaci\u00f3n entre la Consejer\u00eda Presidencial para los Derechos Humanos y Asuntos Internacionales, el programa Conectando Caminos por los Derechos de Usaid y las Secretar\u00edas de Gobierno y de Fronteras del departamento.<\/p>\n<p>Se espera concertar esfuerzos para fortalecer el componente de migraci\u00f3n en el Plan Nacional de Acci\u00f3n en Derechos Humanos y las rutas de prevenci\u00f3n, con \u00e9nfasis en el monitoreo y la aplicaci\u00f3n efectiva de derechos de la poblaci\u00f3n migrante venezolana y colombianos retornados.<\/p>\n<p>El encuentro responde al flujo migratorio que, seg\u00fan el informe Distribuci\u00f3n de Venezolanos en Colombia, con corte a 31 de enero de 2021, correspond\u00eda a 1.729.537, de los cuales, en ese momento, 484.270 eran ni\u00f1os y adolescentes.<\/p>\n<p>La cita convocar\u00e1 a diferentes secretar\u00edas, Instituto Departamental de Salud, Instituto Departamental de Deporte, Procuradur\u00eda Delegada para la Infancia, Adolescencia y Familia, Defensor\u00eda del Pueblo Regional de Norte de Santander, Direcci\u00f3n Regional del Instituto Colombiano de Bienestar Familiar, Unidad de Atenci\u00f3n y Reparaci\u00f3n Integral a V\u00edctimas y SENA.<\/p>\n<p><strong>Jornada de prerregistro<\/strong><\/p>\n<figure id=\"attachment_37108\" aria-describedby=\"caption-attachment-37108\" style=\"width: 300px\" class=\"wp-caption alignnone\"><a href=\"https:\/\/contraluzcucuta.co\/wp-content\/uploads\/2021\/08\/BIENESTAR-FAMILIAR-3.jpg\"><img loading=\"lazy\" decoding=\"async\" class=\"size-medium wp-image-37108\" src=\"https:\/\/contraluzcucuta.co\/wp-content\/uploads\/2021\/08\/BIENESTAR-FAMILIAR-3-300x225.jpg\" alt=\"\" width=\"300\" height=\"225\" srcset=\"https:\/\/contraluzcucuta.co\/wp-content\/uploads\/2021\/08\/BIENESTAR-FAMILIAR-3-300x225.jpg 300w, https:\/\/contraluzcucuta.co\/wp-content\/uploads\/2021\/08\/BIENESTAR-FAMILIAR-3-600x450.jpg 600w, https:\/\/contraluzcucuta.co\/wp-content\/uploads\/2021\/08\/BIENESTAR-FAMILIAR-3-1024x768.jpg 1024w, https:\/\/contraluzcucuta.co\/wp-content\/uploads\/2021\/08\/BIENESTAR-FAMILIAR-3-768x576.jpg 768w, https:\/\/contraluzcucuta.co\/wp-content\/uploads\/2021\/08\/BIENESTAR-FAMILIAR-3-1536x1152.jpg 1536w, https:\/\/contraluzcucuta.co\/wp-content\/uploads\/2021\/08\/BIENESTAR-FAMILIAR-3.jpg 1600w\" sizes=\"auto, (max-width: 300px) 100vw, 300px\" \/><\/a><figcaption id=\"caption-attachment-37108\" class=\"wp-caption-text\">La jornada se cumpli\u00f3 en articulaci\u00f3n con Migraci\u00f3n Colombia, alcald\u00edas, Organizaci\u00f3n Internacional para las Migraciones (OIM), agentes educativos y talento humano que atiende a la primera infancia.<\/figcaption><\/figure>\n<p>Para regular la situaci\u00f3n de ni\u00f1os extranjeros residentes en C\u00facuta y Villa del Rosario, el Instituto Colombiano de Bienestar Familiar (ICBF) efectu\u00f3 jornadas de prerregistro del Estatuto Temporal de Protecci\u00f3n para Migrantes.<\/p>\n<p>La actividad busca garantizar los derechos de cerca de 300 ni\u00f1os usuarios del ICBF en los programas de Primera Infancia.<\/p>\n<p>La jornada se cumpli\u00f3 en articulaci\u00f3n con Migraci\u00f3n Colombia, alcald\u00edas, Organizaci\u00f3n Internacional para las Migraciones (OIM), agentes educativos y talento humano que atiende a la primera infancia.<\/p>\n<p>&#8220;El ICBF en su inter\u00e9s de garantizar los derechos de nuestros ni\u00f1os usuarios de los programas de Primera Infancia, prioriz\u00f3 esta zona de frontera, por la alta afluencia de migrantes y resulta vital para regular la estad\u00eda en el territorio colombiano de muchas familias extranjeras&#8221;. afirm\u00f3 la directora regional del ICBF en Norte de Santander, Lilian Contreras Carvajalino.<\/p>\n","protected":false},"excerpt":{"rendered":"<p>BOGOT\u00c1.- 484.000 menores de edad migrantes venezolanos afrontan riesgos de vulneraci\u00f3n en Colombia. Como iniciativa de Conectando Caminos por los Derechos se reunir\u00e1n en C\u00facuta, el 24 y 25 de agosto, entidades y l\u00edderes para respaldar a esta poblaci\u00f3n. Las organizaciones, entre las que integran el Comit\u00e9 Departamental para la prevenci\u00f3n del reclutamiento uso, utilizaci\u00f3n &hellip;<\/p>\n","protected":false},"author":1,"featured_media":37106,"comment_status":"open","ping_status":"open","sticky":false,"template":"","format":"standard","meta":{"footnotes":""},"categories":[4,36],"tags":[465,5238,3223],"class_list":["post-37105","post","type-post","status-publish","format-standard","has-post-thumbnail","hentry","category-barra","category-la-voz-del-pueblo","tag-icbf","tag-ninos-migrantes","tag-usaid"],"_links":{"self":[{"href":"https:\/\/contraluzcucuta.co\/index.php?rest_route=\/wp\/v2\/posts\/37105","targetHints":{"allow":["GET"]}}],"collection":[{"href":"https:\/\/contraluzcucuta.co\/index.php?rest_route=\/wp\/v2\/posts"}],"about":[{"href":"https:\/\/contraluzcucuta.co\/index.php?rest_route=\/wp\/v2\/types\/post"}],"author":[{"embeddable":true,"href":"https:\/\/contraluzcucuta.co\/index.php?rest_route=\/wp\/v2\/users\/1"}],"replies":[{"embeddable":true,"href":"https:\/\/contraluzcucuta.co\/index.php?rest_route=%2Fwp%2Fv2%2Fcomments&post=37105"}],"version-history":[{"count":3,"href":"https:\/\/contraluzcucuta.co\/index.php?rest_route=\/wp\/v2\/posts\/37105\/revisions"}],"predecessor-version":[{"id":37110,"href":"https:\/\/contraluzcucuta.co\/index.php?rest_route=\/wp\/v2\/posts\/37105\/revisions\/37110"}],"wp:featuredmedia":[{"embeddable":true,"href":"https:\/\/contraluzcucuta.co\/index.php?rest_route=\/wp\/v2\/media\/37106"}],"wp:attachment":[{"href":"https:\/\/contraluzcucuta.co\/index.php?rest_route=%2Fwp%2Fv2%2Fmedia&parent=37105"}],"wp:term":[{"taxonomy":"category","embeddable":true,"href":"https:\/\/contraluzcucuta.co\/index.php?rest_route=%2Fwp%2Fv2%2Fcategories&post=37105"},{"taxonomy":"post_tag","embeddable":true,"href":"https:\/\/contraluzcucuta.co\/index.php?rest_route=%2Fwp%2Fv2%2Ftags&post=37105"}],"curies":[{"name":"wp","href":"https:\/\/api.w.org\/{rel}","templated":true}]}}