{"id":37101,"date":"2021-08-23T17:33:50","date_gmt":"2021-08-23T22:33:50","guid":{"rendered":"http:\/\/contraluzcucuta.co\/?p=37101"},"modified":"2021-08-23T17:33:50","modified_gmt":"2021-08-23T22:33:50","slug":"cooperacion-internacional-reconoce-generosidad-de-colombia-con-venezolanos","status":"publish","type":"post","link":"https:\/\/contraluzcucuta.co\/?p=37101","title":{"rendered":"COOPERACI\u00d3N INTERNACIONAL. Reconoce generosidad de Colombia con venezolanos"},"content":{"rendered":"<p style=\"padding-left: 40px; text-align: right;\"><strong><span style=\"color: #ff9900;\">BOGOT\u00c1.- El pueblo colombiano ha acogido a m\u00e1s de 1,7 millones de venezolanos y la hospitalidad ha sido ejemplo para la regi\u00f3n. Prueba de ello es la decisi\u00f3n hist\u00f3rica del Gobierno de crear el Estatuto Temporal de Protecci\u00f3n (ETPV).<\/span><\/strong><\/p>\n<p>A la medida de regularizaci\u00f3n se ha acogido m\u00e1s de un mill\u00f3n de personas, que podr\u00e1n acceder \u2013 en igualdad de condiciones a la poblaci\u00f3n colombiana \u2013 a derechos, oportunidades, servicios esenciales y a una identificaci\u00f3n plena.<\/p>\n<p>La cooperaci\u00f3n internacional y nacional, articuladas en el Grupo Interagencial sobre Flujos Migratorios Mixtos (GIFMM), celebran esa disposici\u00f3n de bienvenida. La poblaci\u00f3n proveniente de Venezuela se ha visto obligada a salir de su pa\u00eds en busca de protecci\u00f3n y mejores condiciones de vida. La gran mayor\u00eda ingresa a Colombia dispuesta a aportar sus capacidades al crecimiento humano, cultural y econ\u00f3mico.<\/p>\n<figure id=\"attachment_37103\" aria-describedby=\"caption-attachment-37103\" style=\"width: 300px\" class=\"wp-caption alignnone\"><a href=\"https:\/\/contraluzcucuta.co\/wp-content\/uploads\/2021\/08\/ACNUR-2.jpg\"><img loading=\"lazy\" decoding=\"async\" class=\"size-medium wp-image-37103\" src=\"https:\/\/contraluzcucuta.co\/wp-content\/uploads\/2021\/08\/ACNUR-2-300x200.jpg\" alt=\"\" width=\"300\" height=\"200\" srcset=\"https:\/\/contraluzcucuta.co\/wp-content\/uploads\/2021\/08\/ACNUR-2-300x200.jpg 300w, https:\/\/contraluzcucuta.co\/wp-content\/uploads\/2021\/08\/ACNUR-2-600x400.jpg 600w, https:\/\/contraluzcucuta.co\/wp-content\/uploads\/2021\/08\/ACNUR-2-1024x683.jpg 1024w, https:\/\/contraluzcucuta.co\/wp-content\/uploads\/2021\/08\/ACNUR-2-768x512.jpg 768w, https:\/\/contraluzcucuta.co\/wp-content\/uploads\/2021\/08\/ACNUR-2.jpg 1103w\" sizes=\"auto, (max-width: 300px) 100vw, 300px\" \/><\/a><figcaption id=\"caption-attachment-37103\" class=\"wp-caption-text\">A la medida de regularizaci\u00f3n se ha acogido m\u00e1s de un mill\u00f3n de personas.<\/figcaption><\/figure>\n<p>Para que los refugiados y migrantes puedan aportar a la econom\u00eda y a la sociedad \u2013 con manos, ideas y energ\u00eda \u2013 es prioritario apoyar el proceso de regularizaci\u00f3n y generar un ambiente de empat\u00eda, colaboraci\u00f3n e integraci\u00f3n en el que las poblaciones venezolana y colombiana impulsen juntas el desarrollo del pa\u00eds.<\/p>\n<p>Lo contrario puede poner en riesgo los avances logrados como resultado del trabajo de muchos sectores p\u00fablicos y privados. En un clima social de acogida, libre de estigmatizaci\u00f3n y dispuesto a ofrecer oportunidades sin discriminaci\u00f3n, todos crecemos.<\/p>\n","protected":false},"excerpt":{"rendered":"<p>BOGOT\u00c1.- El pueblo colombiano ha acogido a m\u00e1s de 1,7 millones de venezolanos y la hospitalidad ha sido ejemplo para la regi\u00f3n. Prueba de ello es la decisi\u00f3n hist\u00f3rica del Gobierno de crear el Estatuto Temporal de Protecci\u00f3n (ETPV). A la medida de regularizaci\u00f3n se ha acogido m\u00e1s de un mill\u00f3n de personas, que podr\u00e1n &hellip;<\/p>\n","protected":false},"author":1,"featured_media":37102,"comment_status":"open","ping_status":"open","sticky":false,"template":"","format":"standard","meta":{"footnotes":""},"categories":[45,4],"tags":[5235,5236,5237,4565],"class_list":["post-37101","post","type-post","status-publish","format-standard","has-post-thumbnail","hentry","category-destacado","category-barra","tag-estatuto-temporal","tag-flujos-migratorios-mixtos","tag-gifmm","tag-grupo-interagencial"],"_links":{"self":[{"href":"https:\/\/contraluzcucuta.co\/index.php?rest_route=\/wp\/v2\/posts\/37101","targetHints":{"allow":["GET"]}}],"collection":[{"href":"https:\/\/contraluzcucuta.co\/index.php?rest_route=\/wp\/v2\/posts"}],"about":[{"href":"https:\/\/contraluzcucuta.co\/index.php?rest_route=\/wp\/v2\/types\/post"}],"author":[{"embeddable":true,"href":"https:\/\/contraluzcucuta.co\/index.php?rest_route=\/wp\/v2\/users\/1"}],"replies":[{"embeddable":true,"href":"https:\/\/contraluzcucuta.co\/index.php?rest_route=%2Fwp%2Fv2%2Fcomments&post=37101"}],"version-history":[{"count":1,"href":"https:\/\/contraluzcucuta.co\/index.php?rest_route=\/wp\/v2\/posts\/37101\/revisions"}],"predecessor-version":[{"id":37104,"href":"https:\/\/contraluzcucuta.co\/index.php?rest_route=\/wp\/v2\/posts\/37101\/revisions\/37104"}],"wp:featuredmedia":[{"embeddable":true,"href":"https:\/\/contraluzcucuta.co\/index.php?rest_route=\/wp\/v2\/media\/37102"}],"wp:attachment":[{"href":"https:\/\/contraluzcucuta.co\/index.php?rest_route=%2Fwp%2Fv2%2Fmedia&parent=37101"}],"wp:term":[{"taxonomy":"category","embeddable":true,"href":"https:\/\/contraluzcucuta.co\/index.php?rest_route=%2Fwp%2Fv2%2Fcategories&post=37101"},{"taxonomy":"post_tag","embeddable":true,"href":"https:\/\/contraluzcucuta.co\/index.php?rest_route=%2Fwp%2Fv2%2Ftags&post=37101"}],"curies":[{"name":"wp","href":"https:\/\/api.w.org\/{rel}","templated":true}]}}