{"id":37094,"date":"2021-08-23T16:02:11","date_gmt":"2021-08-23T21:02:11","guid":{"rendered":"http:\/\/contraluzcucuta.co\/?p=37094"},"modified":"2021-08-23T16:02:11","modified_gmt":"2021-08-23T21:02:11","slug":"estatuto-migratorio-la-clave-es-regular-el-fenomeno-de-la-migracion-en-la-ciudad-alcalde","status":"publish","type":"post","link":"https:\/\/contraluzcucuta.co\/?p=37094","title":{"rendered":"ESTATUTO MIGRATORIO. \u201cLa clave es regular el fen\u00f3meno de la migraci\u00f3n en la ciudad\u201d: Alcalde"},"content":{"rendered":"<p style=\"padding-left: 40px; text-align: right;\"><strong><span style=\"color: #ff9900;\">C\u00daCUTA.- La presencia de migrantes de manera irregular en la ciudad es una de las consecuencias de la falta de normatividad sobre este fen\u00f3meno social. El objetivo de la administraci\u00f3n municipal es lograr la sana convivencia, por lo que buscar\u00e1 implementar el Estatuto Migratorio.<\/span><\/strong><\/p>\n<p>El Estatuto de Protecci\u00f3n Temporal para Migrantes Venezolanos, que cuenta con m\u00e1s de un mill\u00f3n de registrados, es una estrategia para atender la crisis humanitaria del pa\u00eds vecino y una apuesta por el futuro de Colombia. As\u00ed lo indic\u00f3 recientemente el presidente Iv\u00e1n Duque, en la instalaci\u00f3n del Congreso de la Rep\u00fablica.<\/p>\n<p>La mesa de donantes ten\u00eda, e junio, m\u00e1s de 900 millones de d\u00f3lares prometidos y el Gobierno estaba a la espera de los desembolsos r\u00e1pidos, para que no se conviertan en el \u201cincansable peregrinaje burocr\u00e1tico que dificulta el acceso a recursos\u201d, dijo Duque.<\/p>\n<p>Ante la situaci\u00f3n que afronta C\u00facuta con el paso y quedada de venezolanos en el municipio, el alcalde Jairo Y\u00e1\u00f1ez dijo que \u201cla clave es regular el fen\u00f3meno de la migraci\u00f3n en la ciudad\u201d. Record\u00f3 que la reactivaci\u00f3n del intercambio comercial con Venezuela ha sido apoyada por la administraci\u00f3n municipal y los empresarios locales.<\/p>\n<p>\u201cNuestro mensaje clave es asegurar que las puertas est\u00e1n abiertas a los extranjeros, pero que deben seguir las normas por las que nos regimos en el pa\u00eds\u201d, enfatiz\u00f3 Y\u00e1\u00f1ez.<\/p>\n<p>El Alto Comisionado de la ONU para los Refugiados (Acnur), Filippo Grandi, en su momento calific\u00f3 como \u201cvaliente y sin precedentes\u201d la pol\u00edtica migratoria. En Colombia m\u00e1s de 1,8 millones de venezolanos han cruzado la frontera y se han establecido en el pa\u00eds en busca de oportunidades.<\/p>\n<p>\u201cLa migraci\u00f3n es, en s\u00ed misma, una fuente de crecimiento econ\u00f3mico en el mediano y largo plazo para nuestro pa\u00eds, como lo ha sido para los dem\u00e1s pa\u00edses receptores de migrantes en el mundo\u201d, dijo Duque ante el Congreso.<\/p>\n<p>Ahora, la preocupaci\u00f3n ronda por los lados de los refugiados afganos que llegar\u00edan el pa\u00eds, seg\u00fan anuncio del presidente Iv\u00e1n Duque. Colombia dar\u00eda acogida a 4000 migrantes. El n\u00famero total se determinar\u00e1 con Estados Unidos en corto tiempo.<\/p>\n","protected":false},"excerpt":{"rendered":"<p>C\u00daCUTA.- La presencia de migrantes de manera irregular en la ciudad es una de las consecuencias de la falta de normatividad sobre este fen\u00f3meno social. El objetivo de la administraci\u00f3n municipal es lograr la sana convivencia, por lo que buscar\u00e1 implementar el Estatuto Migratorio. El Estatuto de Protecci\u00f3n Temporal para Migrantes Venezolanos, que cuenta con &hellip;<\/p>\n","protected":false},"author":1,"featured_media":37095,"comment_status":"open","ping_status":"open","sticky":false,"template":"","format":"standard","meta":{"footnotes":""},"categories":[2625,4],"tags":[226,5232,3108,4013],"class_list":["post-37094","post","type-post","status-publish","format-standard","has-post-thumbnail","hentry","category-alcaldia-de-cucuta","category-barra","tag-alcaldia-de-cucuta","tag-estatuto-migratorio","tag-migrantes-en-la-frontera","tag-migrantes-venezolanos"],"_links":{"self":[{"href":"https:\/\/contraluzcucuta.co\/index.php?rest_route=\/wp\/v2\/posts\/37094","targetHints":{"allow":["GET"]}}],"collection":[{"href":"https:\/\/contraluzcucuta.co\/index.php?rest_route=\/wp\/v2\/posts"}],"about":[{"href":"https:\/\/contraluzcucuta.co\/index.php?rest_route=\/wp\/v2\/types\/post"}],"author":[{"embeddable":true,"href":"https:\/\/contraluzcucuta.co\/index.php?rest_route=\/wp\/v2\/users\/1"}],"replies":[{"embeddable":true,"href":"https:\/\/contraluzcucuta.co\/index.php?rest_route=%2Fwp%2Fv2%2Fcomments&post=37094"}],"version-history":[{"count":1,"href":"https:\/\/contraluzcucuta.co\/index.php?rest_route=\/wp\/v2\/posts\/37094\/revisions"}],"predecessor-version":[{"id":37096,"href":"https:\/\/contraluzcucuta.co\/index.php?rest_route=\/wp\/v2\/posts\/37094\/revisions\/37096"}],"wp:featuredmedia":[{"embeddable":true,"href":"https:\/\/contraluzcucuta.co\/index.php?rest_route=\/wp\/v2\/media\/37095"}],"wp:attachment":[{"href":"https:\/\/contraluzcucuta.co\/index.php?rest_route=%2Fwp%2Fv2%2Fmedia&parent=37094"}],"wp:term":[{"taxonomy":"category","embeddable":true,"href":"https:\/\/contraluzcucuta.co\/index.php?rest_route=%2Fwp%2Fv2%2Fcategories&post=37094"},{"taxonomy":"post_tag","embeddable":true,"href":"https:\/\/contraluzcucuta.co\/index.php?rest_route=%2Fwp%2Fv2%2Ftags&post=37094"}],"curies":[{"name":"wp","href":"https:\/\/api.w.org\/{rel}","templated":true}]}}